{"id":183337,"date":"2025-09-24T10:53:59","date_gmt":"2025-09-24T13:53:59","guid":{"rendered":"https:\/\/cdnoticias.com\/?p=183337"},"modified":"2025-09-24T18:28:02","modified_gmt":"2025-09-24T21:28:02","slug":"importante-corte-de-luz-en-microcentro-y-pueblo-nuevo","status":"publish","type":"post","link":"https:\/\/cdnoticias.com\/index.php\/2025\/09\/24\/importante-corte-de-luz-en-microcentro-y-pueblo-nuevo\/","title":{"rendered":"Importante corte de luz en Microcentro y Pueblo Nuevo"},"content":{"rendered":"\n<p>Ser\u00e1 este jueves durante las primeras horas de la ma\u00f1ana. Afectar\u00e1 a parte de ambos sectores de la ciudad. <\/p>\n\n\n\n<hr class=\"wp-block-separator has-alpha-channel-opacity\"\/>\n\n\n\n<p>Desde Coopelectric se inform\u00f3 que este<strong> jueves 25 de septiembre<\/strong> se producir\u00e1 un corte de luz que afectar\u00e1 a dos barrios de la ciudad.<\/p>\n\n\n\n<p><\/p>\n\n\n\n<p>Ser\u00e1 <strong>en el horario de 5:00 a 7:00 en parte de Microcentro y Pueblo Nuevo.<\/strong><\/p>\n\n\n\n<p><\/p>\n\n\n\n<figure class=\"wp-block-image size-large\"><img data-recalc-dims=\"1\" loading=\"lazy\" decoding=\"async\" width=\"714\" height=\"1024\" src=\"https:\/\/i0.wp.com\/cdnoticias.com\/wp-content\/uploads\/2025\/09\/WhatsApp-Image-2025-09-24-at-10.08.23-AM.jpeg?resize=714%2C1024&#038;ssl=1\" alt=\"\" class=\"wp-image-183338\" srcset=\"https:\/\/i0.wp.com\/cdnoticias.com\/wp-content\/uploads\/2025\/09\/WhatsApp-Image-2025-09-24-at-10.08.23-AM.jpeg?resize=714%2C1024&amp;ssl=1 714w, https:\/\/i0.wp.com\/cdnoticias.com\/wp-content\/uploads\/2025\/09\/WhatsApp-Image-2025-09-24-at-10.08.23-AM.jpeg?resize=209%2C300&amp;ssl=1 209w, https:\/\/i0.wp.com\/cdnoticias.com\/wp-content\/uploads\/2025\/09\/WhatsApp-Image-2025-09-24-at-10.08.23-AM.jpeg?resize=768%2C1101&amp;ssl=1 768w, https:\/\/i0.wp.com\/cdnoticias.com\/wp-content\/uploads\/2025\/09\/WhatsApp-Image-2025-09-24-at-10.08.23-AM.jpeg?resize=1071%2C1536&amp;ssl=1 1071w, https:\/\/i0.wp.com\/cdnoticias.com\/wp-content\/uploads\/2025\/09\/WhatsApp-Image-2025-09-24-at-10.08.23-AM.jpeg?w=1116&amp;ssl=1 1116w\" sizes=\"auto, (max-width: 714px) 100vw, 714px\" \/><\/figure>\n\n\n\n<p><\/p>\n\n\n\n<p>Desde la cooperativa indicaron que es por <strong>motivos de mantenimiento <\/strong>y las tareas pueden ser reprogramadas si las condiciones clim\u00e1ticas son adversas.<\/p>\n","protected":false},"excerpt":{"rendered":"<p>Ser\u00e1 este jueves durante las primeras horas de la ma\u00f1ana. Afectar\u00e1 a parte de ambos sectores de la ciudad. Desde<\/p>\n","protected":false},"author":5,"featured_media":183339,"comment_status":"closed","ping_status":"closed","sticky":false,"template":"","format":"standard","meta":{"_jetpack_memberships_contains_paid_content":false,"footnotes":""},"categories":[5,1],"tags":[],"class_list":["post-183337","post","type-post","status-publish","format-standard","has-post-thumbnail","hentry","category-informacion-general","category-portada"],"jetpack_featured_media_url":"https:\/\/i0.wp.com\/cdnoticias.com\/wp-content\/uploads\/2025\/09\/corte-luz.png?fit=800%2C445&ssl=1","jetpack_sharing_enabled":true,"_links":{"self":[{"href":"https:\/\/cdnoticias.com\/index.php\/wp-json\/wp\/v2\/posts\/183337","targetHints":{"allow":["GET"]}}],"collection":[{"href":"https:\/\/cdnoticias.com\/index.php\/wp-json\/wp\/v2\/posts"}],"about":[{"href":"https:\/\/cdnoticias.com\/index.php\/wp-json\/wp\/v2\/types\/post"}],"author":[{"embeddable":true,"href":"https:\/\/cdnoticias.com\/index.php\/wp-json\/wp\/v2\/users\/5"}],"replies":[{"embeddable":true,"href":"https:\/\/cdnoticias.com\/index.php\/wp-json\/wp\/v2\/comments?post=183337"}],"version-history":[{"count":0,"href":"https:\/\/cdnoticias.com\/index.php\/wp-json\/wp\/v2\/posts\/183337\/revisions"}],"wp:featuredmedia":[{"embeddable":true,"href":"https:\/\/cdnoticias.com\/index.php\/wp-json\/wp\/v2\/media\/183339"}],"wp:attachment":[{"href":"https:\/\/cdnoticias.com\/index.php\/wp-json\/wp\/v2\/media?parent=183337"}],"wp:term":[{"taxonomy":"category","embeddable":true,"href":"https:\/\/cdnoticias.com\/index.php\/wp-json\/wp\/v2\/categories?post=183337"},{"taxonomy":"post_tag","embeddable":true,"href":"https:\/\/cdnoticias.com\/index.php\/wp-json\/wp\/v2\/tags?post=183337"}],"curies":[{"name":"wp","href":"https:\/\/api.w.org\/{rel}","templated":true}]}}