{"id":183332,"date":"2025-09-24T09:32:06","date_gmt":"2025-09-24T12:32:06","guid":{"rendered":"https:\/\/cdnoticias.com\/?p=183332"},"modified":"2025-09-24T12:13:14","modified_gmt":"2025-09-24T15:13:14","slug":"laprida-dos-muertos-en-un-choque-frontal-sobre-la-ruta-51","status":"publish","type":"post","link":"https:\/\/cdnoticias.com\/index.php\/2025\/09\/24\/laprida-dos-muertos-en-un-choque-frontal-sobre-la-ruta-51\/","title":{"rendered":"Laprida: dos muertos en un choque frontal sobre la ruta 51"},"content":{"rendered":"<p>Adem\u00e1s, una persona result\u00f3 con lesiones graves. Un cuarto implicado qued\u00f3 ileso. Colisionaron de manera frontal un cami\u00f3n y un auto que se incendi\u00f3.<!--more--><\/p>\n<hr \/>\n<p>Un <strong>choque frontal<\/strong> se registr\u00f3 este mi\u00e9rcoles en el<strong> municipio de Laprida<\/strong> donde <strong>dos personas fallecieron y otra result\u00f3 con heridas graves<\/strong>. Ocurri\u00f3 hacia las 6 de la ma\u00f1ana sobre la <strong>ruta 51 a la altura del kil\u00f3metro 518<\/strong>, conocido como \u201ccurva de Sarachu\u201d.<\/p>\n<blockquote><p>El siniestro vial se produjo cuando un autom\u00f3vil -con tres ocupantes- y un cami\u00f3n colisionaron por causas que a\u00fan son materia de investigaci\u00f3n. Tras el impacto, el veh\u00edculo de menor porte se incendi\u00f3, quedando atrapados dos de sus ocupantes, quienes fallecieron en el lugar.<\/p><\/blockquote>\n<p>Una <strong>tercera persona que viajaba en el auto<\/strong> logr\u00f3<strong> salir por sus propios medios<\/strong> y fue trasladada de urgencia al Hospital Municipal \u201cPedro S. Sancholuz\u201d de Laprida, donde <strong>permanece internada en terapia intensiva con pron\u00f3stico reservado<\/strong>.<\/p>\n<p>En tanto, el <strong>conductor del cami\u00f3n result\u00f3 ileso<\/strong>.<\/p>\n<p>La Ruta 51 permaneci\u00f3 totalmente cortada hasta pasadas las 8 de la ma\u00f1ana, momento en que se restableci\u00f3 el tr\u00e1nsito. <strong>Polic\u00eda Cient\u00edfica<\/strong> trabaj\u00f3 en el lugar para determinar las causas del accidente e identificar a las v\u00edctimas.<\/p>\n<p>En el operativo participaron las <strong>unidades 9 y 10 de los Bomberos Voluntarios de Laprida<\/strong>, a cargo del jefe del cuerpo activo Cristian Mendia, personal policial del <strong>Destacamento de San Jorge, Polic\u00eda de Seguridad Vial<\/strong> de la rotonda Laprida-La Madrid, personal de salud del <strong>Hospital Municipal de Laprida <\/strong>y <strong>Polic\u00eda Cient\u00edfica de Azul<\/strong>.<\/p>\n<p>Fuente y foto: <em>Laprida Noticias<\/em><\/p>\n","protected":false},"excerpt":{"rendered":"<p>Adem\u00e1s, una persona result\u00f3 con lesiones graves. Un cuarto implicado qued\u00f3 ileso. Colisionaron de manera frontal un cami\u00f3n y un<\/p>\n","protected":false},"author":4,"featured_media":183333,"comment_status":"closed","ping_status":"closed","sticky":false,"template":"","format":"standard","meta":{"_jetpack_memberships_contains_paid_content":false,"footnotes":""},"categories":[14,1],"tags":[],"class_list":["post-183332","post","type-post","status-publish","format-standard","has-post-thumbnail","hentry","category-policiales","category-portada"],"jetpack_featured_media_url":"https:\/\/i0.wp.com\/cdnoticias.com\/wp-content\/uploads\/2025\/09\/laprida-choque-ruta-51.jpg?fit=780%2C470&ssl=1","jetpack_sharing_enabled":true,"_links":{"self":[{"href":"https:\/\/cdnoticias.com\/index.php\/wp-json\/wp\/v2\/posts\/183332","targetHints":{"allow":["GET"]}}],"collection":[{"href":"https:\/\/cdnoticias.com\/index.php\/wp-json\/wp\/v2\/posts"}],"about":[{"href":"https:\/\/cdnoticias.com\/index.php\/wp-json\/wp\/v2\/types\/post"}],"author":[{"embeddable":true,"href":"https:\/\/cdnoticias.com\/index.php\/wp-json\/wp\/v2\/users\/4"}],"replies":[{"embeddable":true,"href":"https:\/\/cdnoticias.com\/index.php\/wp-json\/wp\/v2\/comments?post=183332"}],"version-history":[{"count":0,"href":"https:\/\/cdnoticias.com\/index.php\/wp-json\/wp\/v2\/posts\/183332\/revisions"}],"wp:featuredmedia":[{"embeddable":true,"href":"https:\/\/cdnoticias.com\/index.php\/wp-json\/wp\/v2\/media\/183333"}],"wp:attachment":[{"href":"https:\/\/cdnoticias.com\/index.php\/wp-json\/wp\/v2\/media?parent=183332"}],"wp:term":[{"taxonomy":"category","embeddable":true,"href":"https:\/\/cdnoticias.com\/index.php\/wp-json\/wp\/v2\/categories?post=183332"},{"taxonomy":"post_tag","embeddable":true,"href":"https:\/\/cdnoticias.com\/index.php\/wp-json\/wp\/v2\/tags?post=183332"}],"curies":[{"name":"wp","href":"https:\/\/api.w.org\/{rel}","templated":true}]}}