{"id":183329,"date":"2025-09-24T09:19:15","date_gmt":"2025-09-24T12:19:15","guid":{"rendered":"https:\/\/cdnoticias.com\/?p=183329"},"modified":"2025-09-24T14:31:12","modified_gmt":"2025-09-24T17:31:12","slug":"quedo-detenido-lo-buscaban-por-un-robo","status":"publish","type":"post","link":"https:\/\/cdnoticias.com\/index.php\/2025\/09\/24\/quedo-detenido-lo-buscaban-por-un-robo\/","title":{"rendered":"Qued\u00f3 detenido: lo buscaban por un robo"},"content":{"rendered":"<p>El acusado, de 43 a\u00f1os, ten\u00eda una orden de captura en su contra por intento de robo y una citaci\u00f3n para \u201ccomparendo compulsivo\u201d por robo. Ambas medidas judiciales hab\u00edan sido emitidas este mes.<!--more--><\/p>\n<hr \/>\n<p>Un <strong>hombre de 43 a\u00f1os<\/strong> fue <strong>detenido este martes<\/strong> en la intersecci\u00f3n de <strong>avenida Pellegrini y calle Cortes<\/strong> en el marco de una causa judicial.<\/p>\n<blockquote><p>El procedimiento se llev\u00f3 a cabo durante recorridas de rutina del Comando de Patrulla, cuando los efectivos identificaron al sujeto y, tras la consulta con el 911, se confirm\u00f3 que sobre el mismo reca\u00eda un pedido de captura activa por \u201crobo simple en grado de tentativa\u201d.<\/p><\/blockquote>\n<p>La orden hab\u00eda sido emanada por el<strong> Juzgado de Garant\u00edas N\u00ba 1 de Olavarr\u00eda el 8 de septiembre de 2025<\/strong>. Asimismo, se constat\u00f3 que exist\u00eda un <strong>comparendo compulsivo vigente<\/strong> desde el 1 de septiembre bajo la<strong> car\u00e1tula \u201crobo\u201d.<\/strong><\/p>\n<p>Ante esta situaci\u00f3n, el hombre<strong> fue trasladado a sede policial<\/strong> y qued\u00f3 a disposici\u00f3n del juzgado interviniente.<\/p>\n","protected":false},"excerpt":{"rendered":"<p>El acusado, de 43 a\u00f1os, ten\u00eda una orden de captura en su contra por intento de robo y una citaci\u00f3n<\/p>\n","protected":false},"author":4,"featured_media":183330,"comment_status":"closed","ping_status":"closed","sticky":false,"template":"","format":"standard","meta":{"_jetpack_memberships_contains_paid_content":false,"footnotes":""},"categories":[14],"tags":[],"class_list":["post-183329","post","type-post","status-publish","format-standard","has-post-thumbnail","hentry","category-policiales"],"jetpack_featured_media_url":"https:\/\/i0.wp.com\/cdnoticias.com\/wp-content\/uploads\/2025\/09\/pellegrini-y-cortes-detenido.jpg?fit=800%2C445&ssl=1","jetpack_sharing_enabled":true,"_links":{"self":[{"href":"https:\/\/cdnoticias.com\/index.php\/wp-json\/wp\/v2\/posts\/183329","targetHints":{"allow":["GET"]}}],"collection":[{"href":"https:\/\/cdnoticias.com\/index.php\/wp-json\/wp\/v2\/posts"}],"about":[{"href":"https:\/\/cdnoticias.com\/index.php\/wp-json\/wp\/v2\/types\/post"}],"author":[{"embeddable":true,"href":"https:\/\/cdnoticias.com\/index.php\/wp-json\/wp\/v2\/users\/4"}],"replies":[{"embeddable":true,"href":"https:\/\/cdnoticias.com\/index.php\/wp-json\/wp\/v2\/comments?post=183329"}],"version-history":[{"count":0,"href":"https:\/\/cdnoticias.com\/index.php\/wp-json\/wp\/v2\/posts\/183329\/revisions"}],"wp:featuredmedia":[{"embeddable":true,"href":"https:\/\/cdnoticias.com\/index.php\/wp-json\/wp\/v2\/media\/183330"}],"wp:attachment":[{"href":"https:\/\/cdnoticias.com\/index.php\/wp-json\/wp\/v2\/media?parent=183329"}],"wp:term":[{"taxonomy":"category","embeddable":true,"href":"https:\/\/cdnoticias.com\/index.php\/wp-json\/wp\/v2\/categories?post=183329"},{"taxonomy":"post_tag","embeddable":true,"href":"https:\/\/cdnoticias.com\/index.php\/wp-json\/wp\/v2\/tags?post=183329"}],"curies":[{"name":"wp","href":"https:\/\/api.w.org\/{rel}","templated":true}]}}