{"id":183324,"date":"2025-09-24T08:34:37","date_gmt":"2025-09-24T11:34:37","guid":{"rendered":"https:\/\/cdnoticias.com\/?p=183324"},"modified":"2025-09-24T08:34:39","modified_gmt":"2025-09-24T11:34:39","slug":"mirtha-antonia-ondicola-coca-q-e-p-d","status":"publish","type":"post","link":"https:\/\/cdnoticias.com\/index.php\/2025\/09\/24\/mirtha-antonia-ondicola-coca-q-e-p-d\/","title":{"rendered":"Mirtha Antonia Ondicola \u201cCoca\u201d (Q.E.P.D.)"},"content":{"rendered":"<p>Falleci\u00f3 en Olavarr\u00eda el 24 de septiembre de 2025 a los 69 a\u00f1os.<\/p>\n<p>Sus hermanos Ana Mar\u00eda, \u00c1ngela Ester y Fabi\u00e1n Carlos Ondicola. Su compa\u00f1ero Ra\u00fal Oscar Allema. Sus hermanos pol\u00edticos. Sus sobrinos. Sus sobrinos pol\u00edticos. Sus amigos y dem\u00e1s deudos participan su fallecimiento.<\/p>\n<p>Sus restos ser\u00e1n velados este mi\u00e9rcoles 24 de septiembre desde las 08:00 horas en la Sala de Espa\u00f1a 2942 departamento \u201cC\u201d, con responso en la Capilla Ardiente, e inhumados en el Cementerio Loma de Paz a las 14:30 horas. Servicio adherido a Coopelectric.<\/p>\n<p>Nacida en Olavarr\u00eda, vecina de barrio Villa Floresta, jubilada y pensionada.<\/p>\n","protected":false},"excerpt":{"rendered":"<p>Falleci\u00f3 en Olavarr\u00eda el 24 de septiembre de 2025 a los 69 a\u00f1os. Sus hermanos Ana Mar\u00eda, \u00c1ngela Ester y<\/p>\n","protected":false},"author":4,"featured_media":51544,"comment_status":"closed","ping_status":"closed","sticky":false,"template":"","format":"standard","meta":{"_jetpack_memberships_contains_paid_content":false,"footnotes":""},"categories":[10],"tags":[],"class_list":["post-183324","post","type-post","status-publish","format-standard","has-post-thumbnail","hentry","category-necrologicas"],"jetpack_featured_media_url":"https:\/\/i0.wp.com\/cdnoticias.com\/wp-content\/uploads\/2022\/04\/necrologicas-390-x-240.jpg?fit=390%2C240&ssl=1","jetpack_sharing_enabled":true,"_links":{"self":[{"href":"https:\/\/cdnoticias.com\/index.php\/wp-json\/wp\/v2\/posts\/183324","targetHints":{"allow":["GET"]}}],"collection":[{"href":"https:\/\/cdnoticias.com\/index.php\/wp-json\/wp\/v2\/posts"}],"about":[{"href":"https:\/\/cdnoticias.com\/index.php\/wp-json\/wp\/v2\/types\/post"}],"author":[{"embeddable":true,"href":"https:\/\/cdnoticias.com\/index.php\/wp-json\/wp\/v2\/users\/4"}],"replies":[{"embeddable":true,"href":"https:\/\/cdnoticias.com\/index.php\/wp-json\/wp\/v2\/comments?post=183324"}],"version-history":[{"count":0,"href":"https:\/\/cdnoticias.com\/index.php\/wp-json\/wp\/v2\/posts\/183324\/revisions"}],"wp:featuredmedia":[{"embeddable":true,"href":"https:\/\/cdnoticias.com\/index.php\/wp-json\/wp\/v2\/media\/51544"}],"wp:attachment":[{"href":"https:\/\/cdnoticias.com\/index.php\/wp-json\/wp\/v2\/media?parent=183324"}],"wp:term":[{"taxonomy":"category","embeddable":true,"href":"https:\/\/cdnoticias.com\/index.php\/wp-json\/wp\/v2\/categories?post=183324"},{"taxonomy":"post_tag","embeddable":true,"href":"https:\/\/cdnoticias.com\/index.php\/wp-json\/wp\/v2\/tags?post=183324"}],"curies":[{"name":"wp","href":"https:\/\/api.w.org\/{rel}","templated":true}]}}