{"id":183273,"date":"2025-09-23T12:55:44","date_gmt":"2025-09-23T15:55:44","guid":{"rendered":"https:\/\/cdnoticias.com\/?p=183273"},"modified":"2025-09-23T12:55:45","modified_gmt":"2025-09-23T15:55:45","slug":"el-municipio-invito-a-una-charla-abierta-con-julia-strada","status":"publish","type":"post","link":"https:\/\/cdnoticias.com\/index.php\/2025\/09\/23\/el-municipio-invito-a-una-charla-abierta-con-julia-strada\/","title":{"rendered":"El Municipio invit\u00f3 a una charla abierta con Julia Strada"},"content":{"rendered":"<p>La Diputada Nacional y Doctora en Desarrollo Econ\u00f3mico encabezar\u00e1 una jornada denominada \u201cimpacto del presupuesto nacional y el modelo econ\u00f3mico en la econom\u00eda local\u201d. Ser\u00e1 este jueves, desde las 14 horas, en el Centro Cultural.<!--more--><\/p>\n<hr \/>\n<p>El <strong>Municipio de Olavarr\u00eda<\/strong> invit\u00f3 a a la comunidad a <strong>participar de la charla abierta con la Diputada Nacional y la Doctora en Desarrollo Econ\u00f3mico Julia Strada<\/strong>, que se desarrollar\u00e1 <strong>este jueves en el Centro Cultural Municipal San Jos\u00e9<\/strong>.<\/p>\n<blockquote><p>La propuesta, que se iniciar\u00e1 a partir de las 14 horas en la sala auditorio, se encuentra titulada \u201cImpacto del presupuesto nacional y el modelo econ\u00f3mico en la econom\u00eda local\u201d y estar\u00e1 destinada al p\u00fablico en general.<\/p><\/blockquote>\n<p>Personas interesadas en participar deber\u00e1n <a href=\"https:\/\/docs.google.com\/forms\/d\/e\/1FAIpQLSfedvRjAkmPm6Kq4qYeccuVomUakcwgI53ZOpFF42D-P8Apaw\/viewform\" target=\"_blank\" rel=\"noopener\">anotarse en este formulario online<\/a>.<\/p>\n<p>La Diputada Nacional Julia Strada es adem\u00e1s docente universitaria y directora del Centro de Econom\u00eda Pol\u00edtica Argentina, desde se promueve la capacitaci\u00f3n a trav\u00e9s de diplomaturas con Universidades Nacionales, pero tambi\u00e9n la <em>informaci\u00f3n accesible para toda la comunidad a partir de informes y publicaciones, con los que se busca tambi\u00e9n fomentar el debate y el conocimiento de la realidad econ\u00f3mica y pol\u00edtica nacional<\/em>.<\/p>\n<p>Vale destacar, adem\u00e1s, que <strong>Strada a\u00f1os atr\u00e1s integr\u00f3 tambi\u00e9n el Directorio del Banco Naci\u00f3n<\/strong>.<\/p>\n","protected":false},"excerpt":{"rendered":"<p>La Diputada Nacional y Doctora en Desarrollo Econ\u00f3mico encabezar\u00e1 una jornada denominada \u201cimpacto del presupuesto nacional y el modelo econ\u00f3mico<\/p>\n","protected":false},"author":4,"featured_media":90666,"comment_status":"closed","ping_status":"closed","sticky":false,"template":"","format":"standard","meta":{"_jetpack_memberships_contains_paid_content":false,"footnotes":""},"categories":[4,1],"tags":[],"class_list":["post-183273","post","type-post","status-publish","format-standard","has-post-thumbnail","hentry","category-politica","category-portada"],"jetpack_featured_media_url":"https:\/\/i0.wp.com\/cdnoticias.com\/wp-content\/uploads\/2023\/07\/julia-strada.jpg?fit=800%2C445&ssl=1","jetpack_sharing_enabled":true,"_links":{"self":[{"href":"https:\/\/cdnoticias.com\/index.php\/wp-json\/wp\/v2\/posts\/183273","targetHints":{"allow":["GET"]}}],"collection":[{"href":"https:\/\/cdnoticias.com\/index.php\/wp-json\/wp\/v2\/posts"}],"about":[{"href":"https:\/\/cdnoticias.com\/index.php\/wp-json\/wp\/v2\/types\/post"}],"author":[{"embeddable":true,"href":"https:\/\/cdnoticias.com\/index.php\/wp-json\/wp\/v2\/users\/4"}],"replies":[{"embeddable":true,"href":"https:\/\/cdnoticias.com\/index.php\/wp-json\/wp\/v2\/comments?post=183273"}],"version-history":[{"count":0,"href":"https:\/\/cdnoticias.com\/index.php\/wp-json\/wp\/v2\/posts\/183273\/revisions"}],"wp:featuredmedia":[{"embeddable":true,"href":"https:\/\/cdnoticias.com\/index.php\/wp-json\/wp\/v2\/media\/90666"}],"wp:attachment":[{"href":"https:\/\/cdnoticias.com\/index.php\/wp-json\/wp\/v2\/media?parent=183273"}],"wp:term":[{"taxonomy":"category","embeddable":true,"href":"https:\/\/cdnoticias.com\/index.php\/wp-json\/wp\/v2\/categories?post=183273"},{"taxonomy":"post_tag","embeddable":true,"href":"https:\/\/cdnoticias.com\/index.php\/wp-json\/wp\/v2\/tags?post=183273"}],"curies":[{"name":"wp","href":"https:\/\/api.w.org\/{rel}","templated":true}]}}