{"id":183270,"date":"2025-09-23T11:36:53","date_gmt":"2025-09-23T14:36:53","guid":{"rendered":"https:\/\/cdnoticias.com\/?p=183270"},"modified":"2025-09-23T11:36:55","modified_gmt":"2025-09-23T14:36:55","slug":"inscripcion-2026-para-medicina-y-enfermeria-en-la-facultad-de-ciencias-de-la-salud","status":"publish","type":"post","link":"https:\/\/cdnoticias.com\/index.php\/2025\/09\/23\/inscripcion-2026-para-medicina-y-enfermeria-en-la-facultad-de-ciencias-de-la-salud\/","title":{"rendered":"Inscripci\u00f3n 2026 para Medicina y Enfermer\u00eda en la Facultad de Ciencias de la Salud"},"content":{"rendered":"<p>A partir del 13 de octubre se abrir\u00e1 la inscripci\u00f3n para ambas carreras. La documentaci\u00f3n requerida y c\u00f3mo anotarse.<!--more--><\/p>\n<hr \/>\n<p>La <strong>Facultad de Ciencias de la Salud de la UNICEN<\/strong> inform\u00f3 que <strong>ya se encuentra abierta la inscripci\u00f3n para el ciclo lectivo 2026<\/strong> de las <strong>carreras de Medicina y Licenciatura en Enfermer\u00eda<\/strong>.<\/p>\n<p>El <strong>curso de ingreso<\/strong> tendr\u00e1 una duraci\u00f3n de cuatro semanas y comenzar\u00e1 en el <strong>mes de febrero de 2026<\/strong>, constituyendo una etapa fundamental y obligatoria de acompa\u00f1amiento para quienes inician su formaci\u00f3n universitaria en el \u00e1mbito de la salud.<\/p>\n<h3>Requisitos de inscripci\u00f3n<\/h3>\n<p>El procedimiento consta de <strong>dos pasos obligatorios:<\/strong><\/p>\n<ul>\n<li>Paso 1 \u2013 <strong>Preinscripci\u00f3n online<\/strong><br \/>\nDisponible del 13 de octubre al 19 de diciembre de 2025.<\/li>\n<\/ul>\n<p>Puede <a href=\"https:\/\/guarani.unicen.edu.ar\/preinscripcion\/salud\/\" target=\"_blank\" rel=\"noopener\">accederse a trav\u00e9s de este link<\/a>, aunque se aclar\u00f3 que estar\u00e1 habilitado desde el 13 de octubre.<\/p>\n<p>Cabe destacar que, sin realizar este tr\u00e1mite, no podr\u00e1 completarse la inscripci\u00f3n definitiva.<\/p>\n<ul>\n<li>Paso 2 \u2013<strong> Inscripci\u00f3n presencial<\/strong><br \/>\nSe desarrollar\u00e1 en la Facultad del 1 al 26 de diciembre de 2025 y del 9 al 13 de febrero de 2026.<\/li>\n<\/ul>\n<p>La <strong>documentaci\u00f3n a presentar<\/strong> durante la inscripci\u00f3n incluye:<\/p>\n<p>-Fotocopia del DNI.<\/p>\n<p>-Foto de frente (solo rostro).<\/p>\n<p>-Fotocopia del t\u00edtulo secundario autenticada o, en su defecto, Certificado de T\u00edtulo en Tr\u00e1mite.<\/p>\n<p>-Fotocopia de la partida de nacimiento.<\/p>\n<p>-Planilla de Salud (<a href=\"https:\/\/www.salud.unicen.edu.ar\/archivos\/noticias\/planilla_de_salud_ingreso.pdf\" target=\"_blank\" rel=\"noopener\">se puede descargar<\/a>).<\/p>\n<p>-Planilla de Preinscripci\u00f3n (correspondiente al Paso 1).<\/p>\n<h3>Formaci\u00f3n de calidad<\/h3>\n<blockquote><p>Desde la instituci\u00f3n se indic\u00f3 que \u201ccon esta nueva convocatoria, la Facultad de Ciencias de la Salud de la UNICEN reafirma su compromiso en la formaci\u00f3n de profesionales de la salud, consolidando una propuesta acad\u00e9mica que articula planes de estudios innovadores con la investigaci\u00f3n y la extensi\u00f3n universitaria\u201d.<\/p><\/blockquote>\n","protected":false},"excerpt":{"rendered":"<p>A partir del 13 de octubre se abrir\u00e1 la inscripci\u00f3n para ambas carreras. La documentaci\u00f3n requerida y c\u00f3mo anotarse.<\/p>\n","protected":false},"author":4,"featured_media":183271,"comment_status":"closed","ping_status":"closed","sticky":false,"template":"","format":"standard","meta":{"_jetpack_memberships_contains_paid_content":false,"footnotes":""},"categories":[5,1],"tags":[],"class_list":["post-183270","post","type-post","status-publish","format-standard","has-post-thumbnail","hentry","category-informacion-general","category-portada"],"jetpack_featured_media_url":"https:\/\/i0.wp.com\/cdnoticias.com\/wp-content\/uploads\/2025\/09\/facultad-de-medicina-unicen-clases.jpeg?fit=1000%2C563&ssl=1","jetpack_sharing_enabled":true,"_links":{"self":[{"href":"https:\/\/cdnoticias.com\/index.php\/wp-json\/wp\/v2\/posts\/183270","targetHints":{"allow":["GET"]}}],"collection":[{"href":"https:\/\/cdnoticias.com\/index.php\/wp-json\/wp\/v2\/posts"}],"about":[{"href":"https:\/\/cdnoticias.com\/index.php\/wp-json\/wp\/v2\/types\/post"}],"author":[{"embeddable":true,"href":"https:\/\/cdnoticias.com\/index.php\/wp-json\/wp\/v2\/users\/4"}],"replies":[{"embeddable":true,"href":"https:\/\/cdnoticias.com\/index.php\/wp-json\/wp\/v2\/comments?post=183270"}],"version-history":[{"count":0,"href":"https:\/\/cdnoticias.com\/index.php\/wp-json\/wp\/v2\/posts\/183270\/revisions"}],"wp:featuredmedia":[{"embeddable":true,"href":"https:\/\/cdnoticias.com\/index.php\/wp-json\/wp\/v2\/media\/183271"}],"wp:attachment":[{"href":"https:\/\/cdnoticias.com\/index.php\/wp-json\/wp\/v2\/media?parent=183270"}],"wp:term":[{"taxonomy":"category","embeddable":true,"href":"https:\/\/cdnoticias.com\/index.php\/wp-json\/wp\/v2\/categories?post=183270"},{"taxonomy":"post_tag","embeddable":true,"href":"https:\/\/cdnoticias.com\/index.php\/wp-json\/wp\/v2\/tags?post=183270"}],"curies":[{"name":"wp","href":"https:\/\/api.w.org\/{rel}","templated":true}]}}