{"id":183267,"date":"2025-09-23T16:11:31","date_gmt":"2025-09-23T19:11:31","guid":{"rendered":"https:\/\/cdnoticias.com\/?p=183267"},"modified":"2025-09-23T19:07:46","modified_gmt":"2025-09-23T22:07:46","slug":"barrio-por-barrio-este-miercoles-sera-el-turno-de-sierra-chica","status":"publish","type":"post","link":"https:\/\/cdnoticias.com\/index.php\/2025\/09\/23\/barrio-por-barrio-este-miercoles-sera-el-turno-de-sierra-chica\/","title":{"rendered":"Barrio por Barrio: este mi\u00e9rcoles ser\u00e1 el turno de Sierra Chica"},"content":{"rendered":"\n<p>El punto de encuentro ser\u00e1 la Delegaci\u00f3n Municipal, a partir de las 9:30. Habr\u00e1 stands de distintas \u00e1reas municipales.<\/p>\n\n\n\n<hr class=\"wp-block-separator has-alpha-channel-opacity\"\/>\n\n\n\n<p>Como sucede cada mi\u00e9rcoles, este<strong> 24 de septiembre <\/strong>se llevar\u00e1 a cabo una nueva edici\u00f3n del Programa Municipal \u201cBarrio por Barrio\u201d.<\/p>\n\n\n\n<p><\/p>\n\n\n\n<p>En esta oportunidad, la jornada se realizar\u00e1 en Sierra Chica, con <strong>punto de encuentro en la Delegaci\u00f3n Municipal de la localidad a partir de las 9:30 horas.<\/strong><\/p>\n\n\n\n<p><\/p>\n\n\n\n<p>Como es habitual, se podr\u00e1 acceder a los siguientes servicios:<\/p>\n\n\n\n<p><\/p>\n\n\n\n<p>\u2013 SUBE<\/p>\n\n\n\n<p>\u2013 Asesoramiento m\u00e9dico y puesto de vacunaci\u00f3n.<\/p>\n\n\n\n<p>\u2013 Vacunaci\u00f3n canina y felina<\/p>\n\n\n\n<p>\u2013 Validaci\u00f3n de identidad app Mi Argentina<\/p>\n\n\n\n<p>\u2013 Asesoramiento e inscripci\u00f3n a los programas M\u00e1s Vida y PAAC (personas con celiaqu\u00eda)<\/p>\n\n\n\n<p>\u2013 Inscripci\u00f3n a Maternales, Centros de D\u00eda, Envi\u00f3n y Callejeadas<\/p>\n\n\n\n<p>\u2013 Atenci\u00f3n de las oficinas de Defensa del Consumidor, Relaciones Vecinales, Casa de Tierras y Regularizaci\u00f3n Dominial, Desarrollo Social, mujeres, G\u00e9neros y Diversidades y Empleo.<\/p>\n\n\n\n<p><\/p>\n\n\n\n<p>En paralelo, se desplegar\u00e1 el habitual<strong> dispositivo puerta a puerta <\/strong>en el que se dialogar\u00e1 con vecinos y vecinas para conocer sus inquietudes y necesidades, las cuales ser\u00e1n remitidas a las \u00e1reas municipales correspondientes. Asimismo, se brindar\u00e1 informaci\u00f3n de inter\u00e9s, v\u00edas de comunicaci\u00f3n, entre otros.<\/p>\n\n\n\n<p><\/p>\n\n\n\n<p>Por su parte, <strong>distintos equipos de trabajo llevar\u00e1n adelante tareas de materia de limpieza, como as\u00ed tambi\u00e9n mantenimiento de calles y espacios p\u00fablicos.<\/strong> Se trabaja de manera simult\u00e1nea y complementaria con personal de empresas que brindan servicios para el Municipio, como Coopelectric y Transportes Malvinas, para una respuesta integral.<\/p>\n\n\n\n<p><\/p>\n\n\n\n<p>Este tipo de jornadas territoriales plantean un <strong>abordaje integral<\/strong>, para lo cual se dispone de la participaci\u00f3n del Intendente y los funcionarios del gabinete, junto con personal de las distintas \u00e1reas de gesti\u00f3n municipal: Salud, Educaci\u00f3n, Protecci\u00f3n Ciudadana, Obras P\u00fablicas, Desarrollo de la Comunidad, Defensa al Consumidor, Asuntos Legales, entre otras \u00e1reas.<\/p>\n","protected":false},"excerpt":{"rendered":"<p>El punto de encuentro ser\u00e1 la Delegaci\u00f3n Municipal, a partir de las 9:30. Habr\u00e1 stands de distintas \u00e1reas municipales. Como<\/p>\n","protected":false},"author":5,"featured_media":177555,"comment_status":"closed","ping_status":"closed","sticky":false,"template":"","format":"standard","meta":{"_jetpack_memberships_contains_paid_content":false,"footnotes":""},"categories":[5,1],"tags":[],"class_list":["post-183267","post","type-post","status-publish","format-standard","has-post-thumbnail","hentry","category-informacion-general","category-portada"],"jetpack_featured_media_url":"https:\/\/i0.wp.com\/cdnoticias.com\/wp-content\/uploads\/2025\/07\/Barrio-x-Barrio-Evita-Bancario-3-6-scaled-1.jpg?fit=2560%2C1703&ssl=1","jetpack_sharing_enabled":true,"_links":{"self":[{"href":"https:\/\/cdnoticias.com\/index.php\/wp-json\/wp\/v2\/posts\/183267","targetHints":{"allow":["GET"]}}],"collection":[{"href":"https:\/\/cdnoticias.com\/index.php\/wp-json\/wp\/v2\/posts"}],"about":[{"href":"https:\/\/cdnoticias.com\/index.php\/wp-json\/wp\/v2\/types\/post"}],"author":[{"embeddable":true,"href":"https:\/\/cdnoticias.com\/index.php\/wp-json\/wp\/v2\/users\/5"}],"replies":[{"embeddable":true,"href":"https:\/\/cdnoticias.com\/index.php\/wp-json\/wp\/v2\/comments?post=183267"}],"version-history":[{"count":0,"href":"https:\/\/cdnoticias.com\/index.php\/wp-json\/wp\/v2\/posts\/183267\/revisions"}],"wp:featuredmedia":[{"embeddable":true,"href":"https:\/\/cdnoticias.com\/index.php\/wp-json\/wp\/v2\/media\/177555"}],"wp:attachment":[{"href":"https:\/\/cdnoticias.com\/index.php\/wp-json\/wp\/v2\/media?parent=183267"}],"wp:term":[{"taxonomy":"category","embeddable":true,"href":"https:\/\/cdnoticias.com\/index.php\/wp-json\/wp\/v2\/categories?post=183267"},{"taxonomy":"post_tag","embeddable":true,"href":"https:\/\/cdnoticias.com\/index.php\/wp-json\/wp\/v2\/tags?post=183267"}],"curies":[{"name":"wp","href":"https:\/\/api.w.org\/{rel}","templated":true}]}}