{"id":183254,"date":"2025-09-23T10:05:26","date_gmt":"2025-09-23T13:05:26","guid":{"rendered":"https:\/\/cdnoticias.com\/?p=183254"},"modified":"2025-09-23T16:11:52","modified_gmt":"2025-09-23T19:11:52","slug":"confio-que-la-gente-nos-va-a-acompanar-en-octubre-y-la-reactivacion-va-a-llegar","status":"publish","type":"post","link":"https:\/\/cdnoticias.com\/index.php\/2025\/09\/23\/confio-que-la-gente-nos-va-a-acompanar-en-octubre-y-la-reactivacion-va-a-llegar\/","title":{"rendered":"\u201cConf\u00edo que la gente nos va a acompa\u00f1ar en octubre y la reactivaci\u00f3n va a llegar\u201d"},"content":{"rendered":"<p>Celeste Arouxet habl\u00f3 de su expectativa para las Legislativas nacionales: La Libertad Avanza en Olavarr\u00eda buscar\u00e1 a los votantes que eligieron otras listas libertarias en las provinciales y tambi\u00e9n el apoyo de los electores de Somos.<!--more--><\/p>\n<hr \/>\n<p>En una<strong> entrevista en el programa Levantate por Radio Sapiens (FM 102.7)<\/strong>, la referente de La Libertad Avanza en Olavarr\u00eda, <strong>Celeste Arouxet respondi\u00f3 sobre su balance del resultado electoral<\/strong> de septiembre y su expectativa para el mes de octubre. Sobre las legislativas nacionales se mostr\u00f3 confiada en que<strong> \u201cla gente nos va acompa\u00f1ar\u201d y plante\u00f3 un escenario de sumatoria para los candidatos libertarios<\/strong> de los votos que en las provinciales se dirigieron a los candidatos de Somos.<\/p>\n<p>Arouxet sostuvo que el <a href=\"https:\/\/cdnoticias.com\/index.php\/2025\/09\/07\/legislativas-2025-fuerza-patria-gano-en-olavarria-y-la-libertad-avanza-quedo-muy-cerca\/\" target=\"_blank\" rel=\"noopener\">resultado del domingo 7 de septiembre<\/a> no fue una sorpresa para LLA en Olavarr\u00eda:<strong> \u201cestuvimos donde nosotros pens\u00e1bamos.<\/strong> Casi logramos el 5 a 5 en concejales\u201d dijo para a\u00f1adir que \u201cel resultado, la verdad que para nosotros, como le dijimos ese domingo, <strong>era en una situaci\u00f3n muy dif\u00edcil del pa\u00eds, una situaci\u00f3n muy dif\u00edcil de Olavarr\u00eda, con una alianza que tambi\u00e9n quer\u00edamos ver c\u00f3mo la gente reaccionaba.<\/strong> Y la verdad que para nosotros fue muy bueno, con un crecimiento\u201d.<\/p>\n<blockquote><p>\u201cSalimos segundos frente al aparato del municipio y la verdad que desde nuestro lugar estamos muy contentos\u201d defini\u00f3.<\/p><\/blockquote>\n<p>La principal referente libertaria local repas\u00f3 los resultados que obtuvo su lista en 2023 y en 2025 para subrayar el crecimiento electoral. Asimismo, tuvo en cuenta para <strong>proyectar hacia octubre que se sumar\u00e1n \u201clos 5 y pico por ciento\u201d que obtuvieron otros espacios libertarios<\/strong>:<em> \u201cno nos eligieron a nosotros, pero s\u00ed apoyan al Presidente, as\u00ed que mirando octubre ese es un n\u00famero muy importante para Olavarr\u00eda\u201d<\/em>.<\/p>\n<p><img data-recalc-dims=\"1\" loading=\"lazy\" decoding=\"async\" class=\"alignnone size-full wp-image-181817 aligncenter\" src=\"https:\/\/i0.wp.com\/cdnoticias.com\/wp-content\/uploads\/2025\/09\/celeste-arouxet-ezequiel-galli-00.jpg?resize=800%2C445&#038;ssl=1\" alt=\"\" width=\"800\" height=\"445\" srcset=\"https:\/\/i0.wp.com\/cdnoticias.com\/wp-content\/uploads\/2025\/09\/celeste-arouxet-ezequiel-galli-00.jpg?w=1000&amp;ssl=1 1000w, https:\/\/i0.wp.com\/cdnoticias.com\/wp-content\/uploads\/2025\/09\/celeste-arouxet-ezequiel-galli-00.jpg?resize=300%2C167&amp;ssl=1 300w, https:\/\/i0.wp.com\/cdnoticias.com\/wp-content\/uploads\/2025\/09\/celeste-arouxet-ezequiel-galli-00.jpg?resize=768%2C427&amp;ssl=1 768w, https:\/\/i0.wp.com\/cdnoticias.com\/wp-content\/uploads\/2025\/09\/celeste-arouxet-ezequiel-galli-00.jpg?resize=800%2C445&amp;ssl=1 800w\" sizes=\"auto, (max-width: 800px) 100vw, 800px\" \/><\/p>\n<blockquote><p>No obstante, repar\u00f3 en que el caudal de votantes no fue el esperado sobre lo que apunt\u00f3 a dos aspectos: \u201ccreo que lo que nos pas\u00f3 en Olavarr\u00eda, soy sincera, yo esperaba un 65% de electores y no llegamos al 59,9%. Creo que faltaron much\u00edsimos j\u00f3venes. Cuando analizamos los padrones, la parte joven no fue a votar. Esperemos que en octubre nos acompa\u00f1en\u201d.<\/p><\/blockquote>\n<p>En tanto, sobre el resultado a nivel seccional advirti\u00f3 que en Olavarr\u00eda y Azul \u201ctuvimos pr\u00e1cticamente el mismo porcentaje. Pero <strong>la secci\u00f3n, son varias ciudades. \u00bfY qu\u00e9 nos pas\u00f3? Ten\u00e9s ciudades como Alvear, Roque P\u00e9rez, que salimos quintos. En Saladillo, salimos terceros<\/strong>, pero con un margen muy alejado del primero. En 25 de Mayo nos pas\u00f3 lo mismo\u201d. Arouxet sostuvo que si bien se trata de distritos muy chicos en cuanto a cantidad de electores, \u201ccuando te va tan mal en las ciudades chicas, eso perjudica al 33,33%\u201d. Concluy\u00f3 en que<strong> \u201cpara nosotros fue un muy buen resultado. L\u00e1stima que la S\u00e9ptima no fue en general\u201d.<\/strong><\/p>\n<p>De cara a octubre, Arouxet plante\u00f3 que un potencial crecimiento del voto a la lista libertaria estar\u00e1 en los votantes del radicalismo que en septiembre apoyaron a Somos Buenos Aires.<strong> \u201cYo creo que parte de Somos no fue el voto duro de Milei, sino el voto que acompa\u00f1\u00f3 en el ballotage\u201d<\/strong> afirm\u00f3.<\/p>\n<p>En ese sentido, remarc\u00f3 que el acompa\u00f1amiento ya se da en la actualidad: \u201cdesde lo local <strong>se nos ha sumado gente que particip\u00f3 junto con Somos, y tambi\u00e9n gente que particip\u00f3 junto a las listas libertarias<\/strong> para sumarse a colaborar para octubre\u201d. Aclar\u00f3 inmediatamente que<strong> \u201ctodav\u00eda no tenemos los lineamientos de c\u00f3mo se va a ser la campa\u00f1a\u201d<\/strong> para contar que el mi\u00e9rcoles participar\u00e1 de una \u201creuni\u00f3n distrital\u201d y que, en lo local, ya <strong>mantuvo una charla con \u201cparte de la gente del Partido Dem\u00f3crata\u201d<\/strong>. <em>\u201cAc\u00e1 el que quiera sumarse y colaborar, bienvenido sea. Ya se est\u00e1n armando nuevamente los fiscales\u201d<\/em> indic\u00f3.<\/p>\n<blockquote><p>En el \u00faltimo tramo de la entrevista resalt\u00f3 que trabaja conjuntamente con Ezequiel Galli para el armado del dispositivo local hacia octubre. \u201cAyer habl\u00e9 con Ezequiel, que es el referente de lo que es la alianza del PRO y el espacio vecinal que tambi\u00e9n ellos tienen. Tenemos reuniones esta semana, hoy nosotros vamos a hacer una reuni\u00f3n en el local tambi\u00e9n. Como dije (el 7 de septiembre), ese domingo era el d\u00eda uno de una alianza que si todo marcha como est\u00e1 marchando ahora, va a ser la primera fuerza de Olavarr\u00eda en el 2027. Se ha sumado mucha gente que no pertenece ni a uno ni a otro, pero viendo la alianza tambi\u00e9n se sum\u00f3 a trabajar\u201d.<\/p><\/blockquote>\n<p><img data-recalc-dims=\"1\" loading=\"lazy\" decoding=\"async\" class=\"alignnone size-full wp-image-181277 aligncenter\" src=\"https:\/\/i0.wp.com\/cdnoticias.com\/wp-content\/uploads\/2025\/09\/celeste-arouxet-01.jpg?resize=800%2C445&#038;ssl=1\" alt=\"\" width=\"800\" height=\"445\" srcset=\"https:\/\/i0.wp.com\/cdnoticias.com\/wp-content\/uploads\/2025\/09\/celeste-arouxet-01.jpg?w=1000&amp;ssl=1 1000w, https:\/\/i0.wp.com\/cdnoticias.com\/wp-content\/uploads\/2025\/09\/celeste-arouxet-01.jpg?resize=300%2C167&amp;ssl=1 300w, https:\/\/i0.wp.com\/cdnoticias.com\/wp-content\/uploads\/2025\/09\/celeste-arouxet-01.jpg?resize=768%2C427&amp;ssl=1 768w, https:\/\/i0.wp.com\/cdnoticias.com\/wp-content\/uploads\/2025\/09\/celeste-arouxet-01.jpg?resize=800%2C445&amp;ssl=1 800w\" sizes=\"auto, (max-width: 800px) 100vw, 800px\" \/><\/p>\n<h3>\u201cHay que apoyar m\u00e1s que nunca\u201d<\/h3>\n<p>Celeste Arouxet consider\u00f3 que la situaci\u00f3n actual del oficialismo nacional es negativa y eligi\u00f3 se\u00f1alar a \u201clos medios\u201d como el origen de ese balance. \u201cEs un momento para el pa\u00eds muy dif\u00edcil, porque tenemos que ser tambi\u00e9n sinceros que <strong>estamos en una situaci\u00f3n dif\u00edcil y que hay que apoyar m\u00e1s que nunca quienes creemos en el Presidente<\/strong>, quienes creemos en este gobierno para lograr salir adelante. Porque escuch\u00e1s que todos los d\u00edas son palos en la rueda y <strong>los medios, no todos los medios, pero la mayor\u00eda es como que ahora lo peor que nos pudo pasar seg\u00fan ellos es este gobierno cuando hace un mes y medio no era lo mismo. \u00bfY qu\u00e9 pas\u00f3 en ese mes y medio?<\/strong> \u00bfHay que bancar un espacio en las elecciones o hay que hablar con objetividad, que es lo que le pido siempre a los medios? Entonces se nos viene un mes complicado\u201d dijo.<\/p>\n<p>Ante la pregunta por lo econ\u00f3mico y lo social, reconoci\u00f3 que<strong> \u201cla situaci\u00f3n es muy, muy dif\u00edcil. Lo vemos d\u00eda a d\u00eda. Me toca m\u00e1s el tema en la ANSES,<\/strong> el tema de los comercios tambi\u00e9n, que la situaci\u00f3n es muy delicada. Me ha pasado que personas que hemos ido en las elecciones <strong>me dicen \u00b4yo voy a votar en septiembre pero estoy enojada.<\/strong> Necesito que reactive\u00b4\u201d.<\/p>\n<blockquote><p>A continuaci\u00f3n defendi\u00f3 la figura y la gesti\u00f3n de Javier Milei: \u201cel Presidente lo que m\u00e1s quiere es que esto reactive, pero no es el responsable de todo lo que est\u00e1 pasando. Es quien est\u00e1 tratando de solucionar todo lo que pas\u00f3 en dos a\u00f1os. Lamentablemente es muy dif\u00edcil, pero tambi\u00e9n es muy dif\u00edcil explicarle a esa persona que quiz\u00e1 tiene que cerrar su negocio, que apueste una vez m\u00e1s\u201d.<\/p><\/blockquote>\n<p>\u201cSabemos que el esfuerzo que est\u00e1n haciendo es terrible, porque es terrible. La situaci\u00f3n es delicada, pero<strong> lo que est\u00e1 pasando hoy con el gobierno de Milei, es consecuencia de lo que nos dejaron todos esos que ahora se rasgan la vestidura hablando de la gente<\/strong>, cuando lo \u00fanico que hicieron es vivir de la gente. Y ante la desesperaci\u00f3n que en octubre y en 2027 se les puede terminar la caja al kirchnerismo, van a llevar un mensaje que, sumado a la necesidad de la gente de que las cosas mejoren, es lo que est\u00e1n buscando ese efecto. <strong>Pero yo conf\u00edo que la gente nos va a acompa\u00f1ar en octubre y que la reactivaci\u00f3n va a llegar\u201d<\/strong> manifest\u00f3.<\/p>\n<p>Arouxet agreg\u00f3 que Milei hab\u00eda adelantado que \u201cesto iba a estar muy duro los primeros a\u00f1os\u201d y que ese es su mensaje para quienes se ven afectados negativamente hoy. \u201cQueres revertir una situaci\u00f3n para que la gente salga adelante y por atr\u00e1s te tiran que est\u00e1s en contra de los jubilados y que est\u00e1s en contra de las personas con discapacidad, cuando<strong> lo que est\u00e1s haciendo es todo lo posible para que todas esas personas tengan las condiciones de vida que tienen que tener\u201d<\/strong> sostuvo.<\/p>\n<blockquote class=\"wp-embedded-content\" data-secret=\"LhzmallbVY\"><p><a href=\"https:\/\/cdnoticias.com\/index.php\/2025\/09\/22\/celeste-arouxet-vamos-47-pensiones-no-contributivas-suspendidas\/\">Celeste Arouxet: \u201cvamos 47 pensiones no contributivas suspendidas\u201d<\/a><\/p><\/blockquote>\n<p><iframe loading=\"lazy\" class=\"wp-embedded-content\" sandbox=\"allow-scripts\" security=\"restricted\" style=\"position: absolute; visibility: hidden;\" title=\"&#8220;Celeste Arouxet: \u201cvamos 47 pensiones no contributivas suspendidas\u201d&#8221; &#8212; Central de Noticias | Olavarr\u00eda\" src=\"https:\/\/cdnoticias.com\/index.php\/2025\/09\/22\/celeste-arouxet-vamos-47-pensiones-no-contributivas-suspendidas\/embed\/#?secret=bMk6Fg1b15#?secret=LhzmallbVY\" data-secret=\"LhzmallbVY\" width=\"600\" height=\"338\" frameborder=\"0\" marginwidth=\"0\" marginheight=\"0\" scrolling=\"no\"><\/iframe><\/p>\n","protected":false},"excerpt":{"rendered":"<p>Celeste Arouxet habl\u00f3 de su expectativa para las Legislativas nacionales: La Libertad Avanza en Olavarr\u00eda buscar\u00e1 a los votantes que<\/p>\n","protected":false},"author":4,"featured_media":181820,"comment_status":"closed","ping_status":"closed","sticky":false,"template":"","format":"standard","meta":{"_jetpack_memberships_contains_paid_content":false,"footnotes":""},"categories":[4,1],"tags":[],"class_list":["post-183254","post","type-post","status-publish","format-standard","has-post-thumbnail","hentry","category-politica","category-portada"],"jetpack_featured_media_url":"https:\/\/i0.wp.com\/cdnoticias.com\/wp-content\/uploads\/2025\/09\/celeste-arouxet-01-1.jpg?fit=1000%2C556&ssl=1","jetpack_sharing_enabled":true,"_links":{"self":[{"href":"https:\/\/cdnoticias.com\/index.php\/wp-json\/wp\/v2\/posts\/183254","targetHints":{"allow":["GET"]}}],"collection":[{"href":"https:\/\/cdnoticias.com\/index.php\/wp-json\/wp\/v2\/posts"}],"about":[{"href":"https:\/\/cdnoticias.com\/index.php\/wp-json\/wp\/v2\/types\/post"}],"author":[{"embeddable":true,"href":"https:\/\/cdnoticias.com\/index.php\/wp-json\/wp\/v2\/users\/4"}],"replies":[{"embeddable":true,"href":"https:\/\/cdnoticias.com\/index.php\/wp-json\/wp\/v2\/comments?post=183254"}],"version-history":[{"count":0,"href":"https:\/\/cdnoticias.com\/index.php\/wp-json\/wp\/v2\/posts\/183254\/revisions"}],"wp:featuredmedia":[{"embeddable":true,"href":"https:\/\/cdnoticias.com\/index.php\/wp-json\/wp\/v2\/media\/181820"}],"wp:attachment":[{"href":"https:\/\/cdnoticias.com\/index.php\/wp-json\/wp\/v2\/media?parent=183254"}],"wp:term":[{"taxonomy":"category","embeddable":true,"href":"https:\/\/cdnoticias.com\/index.php\/wp-json\/wp\/v2\/categories?post=183254"},{"taxonomy":"post_tag","embeddable":true,"href":"https:\/\/cdnoticias.com\/index.php\/wp-json\/wp\/v2\/tags?post=183254"}],"curies":[{"name":"wp","href":"https:\/\/api.w.org\/{rel}","templated":true}]}}