{"id":183251,"date":"2025-09-23T09:35:46","date_gmt":"2025-09-23T12:35:46","guid":{"rendered":"https:\/\/cdnoticias.com\/?p=183251"},"modified":"2025-09-23T11:06:49","modified_gmt":"2025-09-23T14:06:49","slug":"quita-momentanea-de-retenciones-al-campo-son-senales","status":"publish","type":"post","link":"https:\/\/cdnoticias.com\/index.php\/2025\/09\/23\/quita-momentanea-de-retenciones-al-campo-son-senales\/","title":{"rendered":"Quita moment\u00e1nea de retenciones al campo: \u201cson se\u00f1ales\u201d"},"content":{"rendered":"<p>El presidente de la Sociedad Rural de Olavarr\u00eda celebr\u00f3 la medida anunciada por el gobierno nacional.<!--more--><\/p>\n<hr \/>\n<p><strong>Daniel Ay\u00e7aguer, presidente de la Sociedad Rural de Olavarr\u00eda (SRO)<\/strong> se refiri\u00f3 a la <a href=\"https:\/\/cdnoticias.com\/index.php\/2025\/09\/22\/busca-dolares-el-gobierno-elimina-las-retenciones-a-los-granos-hasta-el-31-de-octubre\/\" target=\"_blank\" rel=\"noopener\">decisi\u00f3n del Gobierno nacional de <\/a><strong><a href=\"_wp_link_placeholder\">suspender el cobro de retenciones<\/a> a las exportaciones de granos y de carne bovina y av\u00edcola<\/strong>.<\/p>\n<p>En di\u00e1logo con<strong> Levantate por Radio Sapiens (FM 102.7)<\/strong> calific\u00f3 la noticia de<strong> \u201csorpresiva\u201d<\/strong> porque <strong>\u201ca cero de golpe mueve mucho el bolsillo del productor agropecuario, del chacarero m\u00e1s que nada\u201d<\/strong>.<\/p>\n<blockquote><p>El presidente de la SRO valor\u00f3 la decisi\u00f3n del gobierno nacional y afirm\u00f3 que \u201cson se\u00f1ales\u201d ya que \u201cen otro momento no hubi\u00e9semos esperado esto, capaz que hubi\u00e9semos esperado que suban las retenciones para recaudar\u201d.<\/p><\/blockquote>\n<blockquote class=\"wp-embedded-content\" data-secret=\"aLnGSUQk1t\"><p><a href=\"https:\/\/cdnoticias.com\/index.php\/2025\/09\/22\/busca-dolares-el-gobierno-elimina-las-retenciones-a-los-granos-hasta-el-31-de-octubre\/\">Busca d\u00f3lares: el Gobierno elimina las retenciones a los granos hasta el 31 de octubre<\/a><\/p><\/blockquote>\n<p><iframe loading=\"lazy\" class=\"wp-embedded-content\" sandbox=\"allow-scripts\" security=\"restricted\" style=\"position: absolute; visibility: hidden;\" title=\"&#8220;Busca d\u00f3lares: el Gobierno elimina las retenciones a los granos hasta el 31 de octubre&#8221; &#8212; Central de Noticias | Olavarr\u00eda\" src=\"https:\/\/cdnoticias.com\/index.php\/2025\/09\/22\/busca-dolares-el-gobierno-elimina-las-retenciones-a-los-granos-hasta-el-31-de-octubre\/embed\/#?secret=vk6u7EziC4#?secret=aLnGSUQk1t\" data-secret=\"aLnGSUQk1t\" width=\"600\" height=\"338\" frameborder=\"0\" marginwidth=\"0\" marginheight=\"0\" scrolling=\"no\"><\/iframe><\/p>\n<p>\u201cAhora recaudan bajando las retenciones. <strong>La verdad son se\u00f1ales que indican que el camino es la quita total<\/strong>, o sea, lo que dijeron desde un principio\u201d, sostuvo Ay\u00e7aguer.<\/p>\n<p>Por otra parte, reconoci\u00f3 que <strong>\u201ctodos entendemos que la caja est\u00e1 complicada<\/strong>, que lleg\u00f3 complicada y <strong>no se puede hacer una quita total de golpe para siempre<\/strong> porque dejar\u00edamos afuera un mont\u00f3n de otros aspectos de la econom\u00eda\u201d.<\/p>\n<blockquote><p>Asimismo Ay\u00e7aguer estim\u00f3 que se concretar\u00e1 el objetivo del gobierno de que a partir de esta medida se liquiden hasta 7000 millones de d\u00f3lares: \u201cyo creo que van a llegar a ese n\u00famero entre productores y m\u00e1s que nada exportadores. Los exportadores tienen esa cantidad y van a salir a comprar a los productores, van a llegar r\u00e1pido a ese n\u00famero\u201d.<\/p><\/blockquote>\n","protected":false},"excerpt":{"rendered":"<p>El presidente de la Sociedad Rural de Olavarr\u00eda celebr\u00f3 la medida anunciada por el gobierno nacional.<\/p>\n","protected":false},"author":4,"featured_media":183253,"comment_status":"closed","ping_status":"closed","sticky":false,"template":"","format":"standard","meta":{"_jetpack_memberships_contains_paid_content":false,"footnotes":""},"categories":[5,1],"tags":[],"class_list":["post-183251","post","type-post","status-publish","format-standard","has-post-thumbnail","hentry","category-informacion-general","category-portada"],"jetpack_featured_media_url":"https:\/\/i0.wp.com\/cdnoticias.com\/wp-content\/uploads\/2025\/09\/daniel-aycaguer.jpg?fit=800%2C445&ssl=1","jetpack_sharing_enabled":true,"_links":{"self":[{"href":"https:\/\/cdnoticias.com\/index.php\/wp-json\/wp\/v2\/posts\/183251","targetHints":{"allow":["GET"]}}],"collection":[{"href":"https:\/\/cdnoticias.com\/index.php\/wp-json\/wp\/v2\/posts"}],"about":[{"href":"https:\/\/cdnoticias.com\/index.php\/wp-json\/wp\/v2\/types\/post"}],"author":[{"embeddable":true,"href":"https:\/\/cdnoticias.com\/index.php\/wp-json\/wp\/v2\/users\/4"}],"replies":[{"embeddable":true,"href":"https:\/\/cdnoticias.com\/index.php\/wp-json\/wp\/v2\/comments?post=183251"}],"version-history":[{"count":0,"href":"https:\/\/cdnoticias.com\/index.php\/wp-json\/wp\/v2\/posts\/183251\/revisions"}],"wp:featuredmedia":[{"embeddable":true,"href":"https:\/\/cdnoticias.com\/index.php\/wp-json\/wp\/v2\/media\/183253"}],"wp:attachment":[{"href":"https:\/\/cdnoticias.com\/index.php\/wp-json\/wp\/v2\/media?parent=183251"}],"wp:term":[{"taxonomy":"category","embeddable":true,"href":"https:\/\/cdnoticias.com\/index.php\/wp-json\/wp\/v2\/categories?post=183251"},{"taxonomy":"post_tag","embeddable":true,"href":"https:\/\/cdnoticias.com\/index.php\/wp-json\/wp\/v2\/tags?post=183251"}],"curies":[{"name":"wp","href":"https:\/\/api.w.org\/{rel}","templated":true}]}}