{"id":183220,"date":"2025-09-25T08:22:17","date_gmt":"2025-09-25T11:22:17","guid":{"rendered":"https:\/\/cdnoticias.com\/?p=183220"},"modified":"2025-09-25T11:43:39","modified_gmt":"2025-09-25T14:43:39","slug":"nueva-edicion-de-la-fiesta-de-la-torta-frita-en-loma-negra","status":"publish","type":"post","link":"https:\/\/cdnoticias.com\/index.php\/2025\/09\/25\/nueva-edicion-de-la-fiesta-de-la-torta-frita-en-loma-negra\/","title":{"rendered":"Nueva edici\u00f3n de la \u201cFiesta de la Torta Frita\u201d en Loma Negra"},"content":{"rendered":"\n<p>Se celebrar\u00e1 el domingo 28 de septiembre desde las 14 horas. Habr\u00e1 artesanos, emprendedores, cerveceros, adem\u00e1s de inflables y un espacio dedicado para la diversi\u00f3n de los m\u00e1s chicos.<\/p>\n\n\n\n<hr class=\"wp-block-separator aligncenter has-alpha-channel-opacity\"\/>\n\n\n\n<p>Este <strong>domingo 28 <\/strong>llega una <strong>nueva edici\u00f3n de la \u201cFiesta de la Torta Frita\u201d,<\/strong> evento que se realizar\u00e1 <strong>en Loma Negra.&nbsp;<\/strong><\/p>\n\n\n\n<p><\/p>\n\n\n\n<blockquote class=\"wp-block-quote is-layout-flow wp-block-quote-is-layout-flow\">\n<p>La actividad, organizada a partir de la articulaci\u00f3n de distintas \u00e1reas municipales y la Delegaci\u00f3n de dicha localidad, contar\u00e1 con la participaci\u00f3n de numerosas instituciones, que dispondr\u00e1n de stands de venta alrededor de la Plaza Libertad.<\/p>\n<\/blockquote>\n\n\n\n<p><\/p>\n\n\n\n<p>El evento se realizar\u00e1 <strong>desde las 14 horas,<\/strong> con una nutrida participaci\u00f3n de <strong>artistas locales <\/strong>en el escenario principal, como as\u00ed tambi\u00e9n la <strong>presencia de artesanos, emprendedores, cerveceros, adem\u00e1s de inflables y un espacio dedicado para la diversi\u00f3n de los m\u00e1s chicos.<\/strong><\/p>\n\n\n\n<p><\/p>\n\n\n\n<p>Cada instituci\u00f3n participante ser\u00e1 la encargada de <strong>elaborar sus tortas fritas con estilo propio,<\/strong> realizando la<strong> preparaci\u00f3n y cocci\u00f3n en el lugar. <\/strong>Vale destacar que se contar\u00e1 con un stand donde se vender\u00e1n tortas fritas aptas para personas cel\u00edacas.<\/p>\n\n\n\n<p><\/p>\n\n\n\n<p><strong>Cronograma<\/strong><\/p>\n\n\n\n<ul class=\"wp-block-list\">\n<li>14 horas: Apertura.<\/li>\n<\/ul>\n\n\n\n<ul class=\"wp-block-list\">\n<li>14:30 horas: \u201cLos De Ahora\u201d.<\/li>\n<\/ul>\n\n\n\n<ul class=\"wp-block-list\">\n<li>15:30 horas: \u201cLa Huella \u2013Cuarta Justa.\u201d<\/li>\n<\/ul>\n\n\n\n<ul class=\"wp-block-list\">\n<li>16:25 horas: Callejeada Con Batucada.<\/li>\n<\/ul>\n\n\n\n<ul class=\"wp-block-list\">\n<li>16:35 horas: Sorteos.<\/li>\n<\/ul>\n\n\n\n<ul class=\"wp-block-list\">\n<li>17 horas:\u201d Los Chuma\u201d.<\/li>\n<\/ul>\n\n\n\n<ul class=\"wp-block-list\">\n<li>17:45 horas: Sorteos.<\/li>\n<\/ul>\n\n\n\n<ul class=\"wp-block-list\">\n<li>18:30 horas: \u201cLos Bredda\u201d.<\/li>\n<\/ul>\n\n\n\n<ul class=\"wp-block-list\">\n<li>19:30 horas: Sorteos.<\/li>\n<\/ul>\n\n\n\n<ul class=\"wp-block-list\">\n<li>20 horas: Cierre A Cargo De \u201cAlma De Benjam\u00edn\u201d.<\/li>\n<\/ul>\n\n\n\n<p><\/p>\n","protected":false},"excerpt":{"rendered":"<p>Se celebrar\u00e1 el domingo 28 de septiembre desde las 14 horas. Habr\u00e1 artesanos, emprendedores, cerveceros, adem\u00e1s de inflables y un<\/p>\n","protected":false},"author":6,"featured_media":126184,"comment_status":"closed","ping_status":"closed","sticky":false,"template":"","format":"standard","meta":{"_jetpack_memberships_contains_paid_content":false,"footnotes":""},"categories":[9,1],"tags":[],"class_list":["post-183220","post","type-post","status-publish","format-standard","has-post-thumbnail","hentry","category-cultura","category-portada"],"jetpack_featured_media_url":"https:\/\/i0.wp.com\/cdnoticias.com\/wp-content\/uploads\/2024\/09\/fiesta-de-la-torta-frita-loma-negra-2024-00a.jpg?fit=1000%2C556&ssl=1","jetpack_sharing_enabled":true,"_links":{"self":[{"href":"https:\/\/cdnoticias.com\/index.php\/wp-json\/wp\/v2\/posts\/183220","targetHints":{"allow":["GET"]}}],"collection":[{"href":"https:\/\/cdnoticias.com\/index.php\/wp-json\/wp\/v2\/posts"}],"about":[{"href":"https:\/\/cdnoticias.com\/index.php\/wp-json\/wp\/v2\/types\/post"}],"author":[{"embeddable":true,"href":"https:\/\/cdnoticias.com\/index.php\/wp-json\/wp\/v2\/users\/6"}],"replies":[{"embeddable":true,"href":"https:\/\/cdnoticias.com\/index.php\/wp-json\/wp\/v2\/comments?post=183220"}],"version-history":[{"count":0,"href":"https:\/\/cdnoticias.com\/index.php\/wp-json\/wp\/v2\/posts\/183220\/revisions"}],"wp:featuredmedia":[{"embeddable":true,"href":"https:\/\/cdnoticias.com\/index.php\/wp-json\/wp\/v2\/media\/126184"}],"wp:attachment":[{"href":"https:\/\/cdnoticias.com\/index.php\/wp-json\/wp\/v2\/media?parent=183220"}],"wp:term":[{"taxonomy":"category","embeddable":true,"href":"https:\/\/cdnoticias.com\/index.php\/wp-json\/wp\/v2\/categories?post=183220"},{"taxonomy":"post_tag","embeddable":true,"href":"https:\/\/cdnoticias.com\/index.php\/wp-json\/wp\/v2\/tags?post=183220"}],"curies":[{"name":"wp","href":"https:\/\/api.w.org\/{rel}","templated":true}]}}