{"id":183215,"date":"2025-09-25T16:33:28","date_gmt":"2025-09-25T19:33:28","guid":{"rendered":"https:\/\/cdnoticias.com\/?p=183215"},"modified":"2025-09-25T16:33:30","modified_gmt":"2025-09-25T19:33:30","slug":"dia-del-turismo-nueva-jornada-de-aventura-con-historia","status":"publish","type":"post","link":"https:\/\/cdnoticias.com\/index.php\/2025\/09\/25\/dia-del-turismo-nueva-jornada-de-aventura-con-historia\/","title":{"rendered":"D\u00eda del Turismo: nueva jornada de \u201cAventura con historia\u201d"},"content":{"rendered":"\n<p>La jornada se desarrollar\u00e1 el s\u00e1bado 27 de septiembre por circuitos de Bella Vista a Sierras Bayas. <\/p>\n\n\n\n<hr class=\"wp-block-separator aligncenter has-alpha-channel-opacity\"\/>\n\n\n\n<p>Se desarrollar\u00e1 una nueva<strong> jornada de senderismo<\/strong> del programa <strong>\u201cAventura con historia\u201d<\/strong> este<strong> s\u00e1bado 27 de septiembre<\/strong>, en el marco del<strong> D\u00eda Mundial del Turismo.<\/strong><\/p>\n\n\n\n<p><\/p>\n\n\n\n<blockquote class=\"wp-block-quote is-layout-flow wp-block-quote-is-layout-flow\">\n<p>Se trata de un recorrido de 7 kil\u00f3metros, de dificultad media, por circuitos de Bella Vista a Sierras Bayas, que partir\u00e1 desde las 14 horas, con punto de encuentro en el emprendimiento tur\u00edstico Peppino Luongo.\u00a0<\/p>\n<\/blockquote>\n\n\n\n<p><\/p>\n\n\n\n<p>Durante el trayecto <strong>se recorrer\u00e1n senderos y sitios arqueol\u00f3gicos, geol\u00f3gicos e hist\u00f3ricos<\/strong> de la ladera noroeste accediendo a vistas \u00fanicas del otro lado del <strong>Cerro Largo <\/strong>y conociendo la historia del lugar.<\/p>\n\n\n\n<p><\/p>\n\n\n\n<p>Aquellas personas interesadas en participar podr\u00e1n inscribirse a trav\u00e9s del <a href=\"https:\/\/docs.google.com\/forms\/d\/e\/1FAIpQLSdpGEpQokDJ13Kj9dbsy4E3BKHoLIZ47e7qrv2hePyEkZ9Y-g\/viewform?usp=send_form\" target=\"_blank\" rel=\"noreferrer noopener\">siguiente link.<\/a> \u201cAventura con Historia\u201d es una iniciativa organizada desde la Coordinaci\u00f3n de Turismo de la Secretar\u00eda de Desarrollo Econ\u00f3mico y Productivo del Municipio <strong>enmarcada dentro del eje de puesta en valor de circuitos tur\u00edsticos de Olavarr\u00eda, sus localidades y su gente.<\/strong><\/p>\n\n\n\n<p><\/p>\n\n\n\n<blockquote class=\"wp-block-quote is-layout-flow wp-block-quote-is-layout-flow\">\n<p>Estas caminatas tienen por objeto visibilizar los sitios hist\u00f3ricos e identidad a partir de nuevas tendencias de experiencias de aventura en contacto con la naturaleza sumando atractivos que conforman el paisaje serrano, llanura y arroyo atravesado por los vestigios de las actividades productivas pasadas y presentes as\u00ed como sitios de inter\u00e9s hist\u00f3rico.<\/p>\n<\/blockquote>\n\n\n\n<p><\/p>\n\n\n\n<p><strong>Recomendaciones<br><\/strong><\/p>\n\n\n\n<ul class=\"wp-block-list\">\n<li>Pantal\u00f3n largo<\/li>\n\n\n\n<li>Calzado deportivo cerrado<\/li>\n\n\n\n<li>Mochila con un litro de agua<\/li>\n\n\n\n<li>Opcional: equipo de mate para pausas contemplativas.<\/li>\n<\/ul>\n\n\n\n<p><\/p>\n\n\n\n<p><strong>Informaci\u00f3n \u00fatil<br><\/strong>Aquellas personas que deseen sumarse al grupo de WhatsApp para enterarse de todas las novedades deber\u00e1n ingresar en el <a href=\"https:\/\/chat.whatsapp.com\/DNStpJoFKiHI0OF7Smi7kC\" target=\"_blank\" rel=\"noreferrer noopener\">siguiente link.<\/a><\/p>\n\n\n\n<p><\/p>\n","protected":false},"excerpt":{"rendered":"<p>La jornada se desarrollar\u00e1 el s\u00e1bado 27 de septiembre por circuitos de Bella Vista a Sierras Bayas. Se desarrollar\u00e1 una<\/p>\n","protected":false},"author":6,"featured_media":183217,"comment_status":"closed","ping_status":"closed","sticky":false,"template":"","format":"standard","meta":{"_jetpack_memberships_contains_paid_content":false,"footnotes":""},"categories":[9,1],"tags":[],"class_list":["post-183215","post","type-post","status-publish","format-standard","has-post-thumbnail","hentry","category-cultura","category-portada"],"jetpack_featured_media_url":"https:\/\/i0.wp.com\/cdnoticias.com\/wp-content\/uploads\/2025\/09\/aventura-con-historia.jpg?fit=900%2C598&ssl=1","jetpack_sharing_enabled":true,"_links":{"self":[{"href":"https:\/\/cdnoticias.com\/index.php\/wp-json\/wp\/v2\/posts\/183215","targetHints":{"allow":["GET"]}}],"collection":[{"href":"https:\/\/cdnoticias.com\/index.php\/wp-json\/wp\/v2\/posts"}],"about":[{"href":"https:\/\/cdnoticias.com\/index.php\/wp-json\/wp\/v2\/types\/post"}],"author":[{"embeddable":true,"href":"https:\/\/cdnoticias.com\/index.php\/wp-json\/wp\/v2\/users\/6"}],"replies":[{"embeddable":true,"href":"https:\/\/cdnoticias.com\/index.php\/wp-json\/wp\/v2\/comments?post=183215"}],"version-history":[{"count":0,"href":"https:\/\/cdnoticias.com\/index.php\/wp-json\/wp\/v2\/posts\/183215\/revisions"}],"wp:featuredmedia":[{"embeddable":true,"href":"https:\/\/cdnoticias.com\/index.php\/wp-json\/wp\/v2\/media\/183217"}],"wp:attachment":[{"href":"https:\/\/cdnoticias.com\/index.php\/wp-json\/wp\/v2\/media?parent=183215"}],"wp:term":[{"taxonomy":"category","embeddable":true,"href":"https:\/\/cdnoticias.com\/index.php\/wp-json\/wp\/v2\/categories?post=183215"},{"taxonomy":"post_tag","embeddable":true,"href":"https:\/\/cdnoticias.com\/index.php\/wp-json\/wp\/v2\/tags?post=183215"}],"curies":[{"name":"wp","href":"https:\/\/api.w.org\/{rel}","templated":true}]}}