{"id":183208,"date":"2025-09-23T09:08:19","date_gmt":"2025-09-23T12:08:19","guid":{"rendered":"https:\/\/cdnoticias.com\/?p=183208"},"modified":"2025-09-23T10:12:26","modified_gmt":"2025-09-23T13:12:26","slug":"primera-edicion-de-los-reconocimientos-olavarria-produce","status":"publish","type":"post","link":"https:\/\/cdnoticias.com\/index.php\/2025\/09\/23\/primera-edicion-de-los-reconocimientos-olavarria-produce\/","title":{"rendered":"Primera edici\u00f3n de los reconocimientos \u201cOlavarr\u00eda Produce\u201d"},"content":{"rendered":"\n<p>Ser\u00e1 el jueves en el Teatro Municipal organizado en forma conjunta con el Municipio, la Uni\u00f3n Industrial, la C\u00e1mara Empresaria, Sociedad Rural y el Consorcio del Parque Industrial.<\/p>\n\n\n\n<hr class=\"wp-block-separator aligncenter has-alpha-channel-opacity\"\/>\n\n\n\n<p>El pr\u00f3ximo <strong>jueves 25 de septiembre <\/strong>se llevar\u00e1 a cabo la<strong> primera edici\u00f3n de los reconocimientos \u201cOlavarr\u00eda Produce\u201d<\/strong>, una <strong>distinci\u00f3n<\/strong> en la que se pondr\u00e1 en valor a <strong>diferentes actores de la matriz productiva del Partido,<\/strong> quienes por trayectoria, capacidad e innovaci\u00f3n han consolidado a Olavarr\u00eda como el Coraz\u00f3n Productivo de la Provincia de Buenos Aires.<\/p>\n\n\n\n<p><\/p>\n\n\n\n<blockquote class=\"wp-block-quote is-layout-flow wp-block-quote-is-layout-flow\">\n<p>El evento se realizar\u00e1 desde las 19 horas en el Teatro Municipal, organizado en forma conjunta con la Uni\u00f3n Industrial, la C\u00e1mara Empresaria, Sociedad Rural y el Consorcio del Parque Industrial.\u00a0<\/p>\n<\/blockquote>\n\n\n\n<p><\/p>\n\n\n\n<p>Contar\u00e1 adem\u00e1s con la participaci\u00f3n de instituciones, familiares y p\u00fablico en general, ya que <strong>la invitaci\u00f3n es abierta a toda la comunidad<\/strong>, para poder conocer la particularidad y diversidad del entramado productivo local. Gracias a la articulaci\u00f3n y el di\u00e1logo permanente entre cada uno de estos actores fue que se acord\u00f3 que en esta primera edici\u00f3n se concrete<strong> la entrega de 20 reconocimientos.<\/strong><\/p>\n\n\n\n<p><\/p>\n\n\n\n<blockquote class=\"wp-block-quote is-layout-flow wp-block-quote-is-layout-flow\">\n<p>Se coincidi\u00f3 tambi\u00e9n en la relevancia de contar con este tipo de eventos como una forma no solo de poner en valor, sino tambi\u00e9n de dar a conocer y revindicar el rol que cumplen en su vinculaci\u00f3n con la sociedad, generando fuentes de laborales, oportunidades y movilizando la econom\u00eda.<\/p>\n<\/blockquote>\n\n\n\n<p><\/p>\n\n\n\n<p>Por \u00faltimo, con la certeza de que se erigir\u00e1 como una fecha marcada en el calendario local, <strong>se buscar\u00e1 que en pr\u00f3ximas ediciones reconocer a m\u00e1s protagonistas de la matriz productiva olavarriense<\/strong>, y de esa manera seguir reconociendo historias de personas que arriesgaron y construyeron una ciudad pujante.<\/p>\n\n\n\n<p><\/p>\n","protected":false},"excerpt":{"rendered":"<p>Ser\u00e1 el jueves en el Teatro Municipal organizado en forma conjunta con el Municipio, la Uni\u00f3n Industrial, la C\u00e1mara Empresaria,<\/p>\n","protected":false},"author":6,"featured_media":50377,"comment_status":"closed","ping_status":"closed","sticky":false,"template":"","format":"standard","meta":{"_jetpack_memberships_contains_paid_content":false,"footnotes":""},"categories":[5,1],"tags":[],"class_list":["post-183208","post","type-post","status-publish","format-standard","has-post-thumbnail","hentry","category-informacion-general","category-portada"],"jetpack_featured_media_url":"https:\/\/i0.wp.com\/cdnoticias.com\/wp-content\/uploads\/2022\/03\/Teatro-Municipal-drone-01.jpg?fit=800%2C445&ssl=1","jetpack_sharing_enabled":true,"_links":{"self":[{"href":"https:\/\/cdnoticias.com\/index.php\/wp-json\/wp\/v2\/posts\/183208","targetHints":{"allow":["GET"]}}],"collection":[{"href":"https:\/\/cdnoticias.com\/index.php\/wp-json\/wp\/v2\/posts"}],"about":[{"href":"https:\/\/cdnoticias.com\/index.php\/wp-json\/wp\/v2\/types\/post"}],"author":[{"embeddable":true,"href":"https:\/\/cdnoticias.com\/index.php\/wp-json\/wp\/v2\/users\/6"}],"replies":[{"embeddable":true,"href":"https:\/\/cdnoticias.com\/index.php\/wp-json\/wp\/v2\/comments?post=183208"}],"version-history":[{"count":0,"href":"https:\/\/cdnoticias.com\/index.php\/wp-json\/wp\/v2\/posts\/183208\/revisions"}],"wp:featuredmedia":[{"embeddable":true,"href":"https:\/\/cdnoticias.com\/index.php\/wp-json\/wp\/v2\/media\/50377"}],"wp:attachment":[{"href":"https:\/\/cdnoticias.com\/index.php\/wp-json\/wp\/v2\/media?parent=183208"}],"wp:term":[{"taxonomy":"category","embeddable":true,"href":"https:\/\/cdnoticias.com\/index.php\/wp-json\/wp\/v2\/categories?post=183208"},{"taxonomy":"post_tag","embeddable":true,"href":"https:\/\/cdnoticias.com\/index.php\/wp-json\/wp\/v2\/tags?post=183208"}],"curies":[{"name":"wp","href":"https:\/\/api.w.org\/{rel}","templated":true}]}}