{"id":183183,"date":"2025-09-22T17:30:05","date_gmt":"2025-09-22T20:30:05","guid":{"rendered":"https:\/\/cdnoticias.com\/?p=183183"},"modified":"2025-09-22T17:30:08","modified_gmt":"2025-09-22T20:30:08","slug":"corte-de-luz-programado-en-un-sector-de-la-ciudad-18","status":"publish","type":"post","link":"https:\/\/cdnoticias.com\/index.php\/2025\/09\/22\/corte-de-luz-programado-en-un-sector-de-la-ciudad-18\/","title":{"rendered":"Corte de luz programado en un sector de la ciudad"},"content":{"rendered":"\n<p>Ser\u00e1 este martes por tareas de mantenimiento. Se indic\u00f3 que las tareas pueden reprogramarse si las condiciones clim\u00e1ticas son adversas.<\/p>\n\n\n\n<hr class=\"wp-block-separator aligncenter has-alpha-channel-opacity\"\/>\n\n\n\n<p>Desde Coopelectric se inform\u00f3 que <strong>este martes se producir\u00e1 la interrupci\u00f3n del servicio el\u00e9ctrico <\/strong>en <strong>un sector de la ciudad.<\/strong><\/p>\n\n\n\n<p><\/p>\n\n\n\n<p>El corte ser\u00e1 en el horario de <strong>5:00 a 6:00<\/strong> y afectar\u00e1 las calles <strong>avenida Brown, avenida Col\u00f3n, Lamadrid y avenida Del Valle.\u00a0<\/strong><\/p>\n\n\n\n<p><\/p>\n\n\n\n<p>Se indic\u00f3 que el motivo de los cortes es <strong>por mantenimiento <\/strong>y las tareas pueden reprogramarse si las condiciones clim\u00e1ticas son adversas.<\/p>\n\n\n\n<p><\/p>\n","protected":false},"excerpt":{"rendered":"<p>Ser\u00e1 este martes por tareas de mantenimiento. Se indic\u00f3 que las tareas pueden reprogramarse si las condiciones clim\u00e1ticas son adversas.<\/p>\n","protected":false},"author":6,"featured_media":41403,"comment_status":"closed","ping_status":"closed","sticky":false,"template":"","format":"standard","meta":{"_jetpack_memberships_contains_paid_content":false,"footnotes":""},"categories":[5,1],"tags":[],"class_list":["post-183183","post","type-post","status-publish","format-standard","has-post-thumbnail","hentry","category-informacion-general","category-portada"],"jetpack_featured_media_url":"https:\/\/i0.wp.com\/cdnoticias.com\/wp-content\/uploads\/2021\/12\/coopelectric-camion.jpg?fit=1600%2C890&ssl=1","jetpack_sharing_enabled":true,"_links":{"self":[{"href":"https:\/\/cdnoticias.com\/index.php\/wp-json\/wp\/v2\/posts\/183183","targetHints":{"allow":["GET"]}}],"collection":[{"href":"https:\/\/cdnoticias.com\/index.php\/wp-json\/wp\/v2\/posts"}],"about":[{"href":"https:\/\/cdnoticias.com\/index.php\/wp-json\/wp\/v2\/types\/post"}],"author":[{"embeddable":true,"href":"https:\/\/cdnoticias.com\/index.php\/wp-json\/wp\/v2\/users\/6"}],"replies":[{"embeddable":true,"href":"https:\/\/cdnoticias.com\/index.php\/wp-json\/wp\/v2\/comments?post=183183"}],"version-history":[{"count":0,"href":"https:\/\/cdnoticias.com\/index.php\/wp-json\/wp\/v2\/posts\/183183\/revisions"}],"wp:featuredmedia":[{"embeddable":true,"href":"https:\/\/cdnoticias.com\/index.php\/wp-json\/wp\/v2\/media\/41403"}],"wp:attachment":[{"href":"https:\/\/cdnoticias.com\/index.php\/wp-json\/wp\/v2\/media?parent=183183"}],"wp:term":[{"taxonomy":"category","embeddable":true,"href":"https:\/\/cdnoticias.com\/index.php\/wp-json\/wp\/v2\/categories?post=183183"},{"taxonomy":"post_tag","embeddable":true,"href":"https:\/\/cdnoticias.com\/index.php\/wp-json\/wp\/v2\/tags?post=183183"}],"curies":[{"name":"wp","href":"https:\/\/api.w.org\/{rel}","templated":true}]}}