{"id":183171,"date":"2025-09-23T09:01:06","date_gmt":"2025-09-23T12:01:06","guid":{"rendered":"https:\/\/cdnoticias.com\/?p=183171"},"modified":"2025-09-23T09:01:07","modified_gmt":"2025-09-23T12:01:07","slug":"el-dr-pablo-messineo-participo-del-congreso-mundial-de-arqueologia-en-australia","status":"publish","type":"post","link":"https:\/\/cdnoticias.com\/index.php\/2025\/09\/23\/el-dr-pablo-messineo-participo-del-congreso-mundial-de-arqueologia-en-australia\/","title":{"rendered":"El Dr. Pablo Messineo particip\u00f3 del Congreso Mundial de Arqueolog\u00eda en Australia"},"content":{"rendered":"\n<p>El Director del Departamento de Arqueolog\u00eda de FACSO particip\u00f3 por primera vez del World Archaeological Congress. Present\u00f3 los avances de un proyecto de investigaci\u00f3n sobre cazadores-recolectores en la regi\u00f3n pampeana, desarrollado junto a su equipo desde hace m\u00e1s de 15 a\u00f1os.<\/p>\n\n\n\n<hr class=\"wp-block-separator aligncenter has-alpha-channel-opacity\"\/>\n\n\n\n<p>El <strong>Dr. Pablo Messineo, <\/strong>docente y director del <strong>Departamento de Arqueolog\u00eda de la Facultad de Ciencias Sociales<\/strong> e <strong>investigador del Instituto INCUAPA <\/strong>(Unidad Ejecutora CONICET\/UNICEN), particip\u00f3 del <strong>Congreso Arqueol\u00f3gico Mundial<\/strong> (WAC), uno de los eventos internacionales m\u00e1s relevantes en el campo de la arqueolog\u00eda, realizado en la ciudad de Darwin, <strong>en el norte de Australia.<\/strong><\/p>\n\n\n\n<p><\/p>\n\n\n\n<p><em>\u201cEs un congreso que se hace a nivel mundial, donde van arque\u00f3logos de todas partes\u201d<\/em>, relat\u00f3 el Dr. Messineo, quien particip\u00f3 por primera vez en este prestigioso evento en junio pasado, que convoca especialistas de diversas disciplinas y regiones.<\/p>\n\n\n\n<p><\/p>\n\n\n\n<p>Durante el congreso, el Dr. Messineo expuso en el simposio &#8220;<strong>Arqueolog\u00eda y cambios ambientales en Sudam\u00e9rica<\/strong>&#8220;, donde present\u00f3 una s\u00edntesis de los avances obtenidos en el marco de un proyecto de investigaci\u00f3n que dirige junto a su equipo desde hace m\u00e1s de 15 a\u00f1os en el Campo de Dunas del Centro Pampeano, al oeste de la provincia de Buenos Aires. El trabajo fue realizado en conjunto con el Dr. Nahuel Schenffler y las Dras. Mariela Gonz\u00e1lez, Mar\u00eda Clara \u00c1lvarez y Erika Borges Vaz.<\/p>\n\n\n\n<p><\/p>\n\n\n\n<blockquote class=\"wp-block-quote is-layout-flow wp-block-quote-is-layout-flow\">\n<p>\u201cPresentamos una s\u00edntesis de los trabajos que ven\u00edamos haciendo ah\u00ed, en una regi\u00f3n de m\u00e9danos y lagunas y que es un proyecto que empez\u00f3 aproximadamente en 2010-2011. Ya despu\u00e9s de 15 a\u00f1os ten\u00edamos un c\u00famulo de informaci\u00f3n bastante importante, relevante para mostrar en estos congresos internacionales\u201d, explic\u00f3.<\/p>\n<\/blockquote>\n\n\n\n<p><\/p>\n\n\n\n<figure class=\"wp-block-image aligncenter size-full\"><img data-recalc-dims=\"1\" loading=\"lazy\" decoding=\"async\" width=\"800\" height=\"506\" src=\"https:\/\/i0.wp.com\/cdnoticias.com\/wp-content\/uploads\/2025\/09\/messineo-australia1.png?resize=800%2C506&#038;ssl=1\" alt=\"\" class=\"wp-image-183180\" srcset=\"https:\/\/i0.wp.com\/cdnoticias.com\/wp-content\/uploads\/2025\/09\/messineo-australia1.png?w=940&amp;ssl=1 940w, https:\/\/i0.wp.com\/cdnoticias.com\/wp-content\/uploads\/2025\/09\/messineo-australia1.png?resize=300%2C190&amp;ssl=1 300w, https:\/\/i0.wp.com\/cdnoticias.com\/wp-content\/uploads\/2025\/09\/messineo-australia1.png?resize=768%2C485&amp;ssl=1 768w\" sizes=\"auto, (max-width: 800px) 100vw, 800px\" \/><\/figure>\n\n\n\n<p><\/p>\n\n\n\n<p>Entre los hallazgos m\u00e1s destacados, <strong>el equipo identific\u00f3 uno de los entierros humanos m\u00e1s antiguos de Argentina,<\/strong> que <strong>datan alrededor de los 10 mil a\u00f1os, <\/strong>y document\u00f3 ocupaciones casi ininterrumpidas de grupos cazadores-recolectores en un entorno \u00e1rido y sin disponibilidad local de materias primas l\u00edticas.<\/p>\n\n\n\n<p><\/p>\n\n\n\n<p><strong>Experiencias y oportunidades<\/strong><\/p>\n\n\n\n<p>Gracias a una beca otorgada por la organizaci\u00f3n del WAC, el Dr. Messineo pudo asistir al congreso sin costo de inscripci\u00f3n, con estad\u00eda y alimentaci\u00f3n cubiertas durante toda la semana del evento.<em> \u201cEso me alivi\u00f3 bastante para poder decidirme a asistir. Dado el costo que tiene el pasaje -m\u00e1s de 2.000 d\u00f3lares- ir solamente a escuchar ponencias no tiene mucho sentido\u201d,<\/em> explic\u00f3 y agreg\u00f3 que <strong>\u201cfui como expositor, presentando las investigaciones que estamos haciendo\u201d.<\/strong><\/p>\n\n\n\n<p><\/p>\n\n\n\n<blockquote class=\"wp-block-quote is-layout-flow wp-block-quote-is-layout-flow\">\n<p>Adem\u00e1s de su participaci\u00f3n como exponente, el Dr. Messineo asisti\u00f3 a otras mesas tem\u00e1ticas vinculadas al estudio de cazadores-recolectores y arqueolog\u00eda en contextos \u00e1ridos, tanto de Australia como de otras regiones.<\/p>\n<\/blockquote>\n\n\n\n<p><\/p>\n\n\n\n<p>El Congreso tambi\u00e9n le permiti\u00f3 establecer <strong>contactos con colegas internacionales y consolidar redes de colaboraci\u00f3n. <\/strong>En ese sentido, sum\u00f3 que \u201c<em>se acerc\u00f3 gente interesada en la tem\u00e1tica que estamos trabajando. Intercambiamos informaci\u00f3n, publicaciones y correos para seguir en contacto\u201d.<\/em><\/p>\n\n\n\n<p><\/p>\n\n\n\n<p><strong>Recorrido<\/strong><\/p>\n\n\n\n<p>Una vez finalizado el congreso, el Dr. Messineo particip\u00f3 de un <strong>recorrido por sitios arqueol\u00f3gicos de la regi\u00f3n<\/strong>, incluyendo el Parque Nacional Kakadu, uno de los lugares m\u00e1s emblem\u00e1ticos del poblamiento temprano en Australia.<\/p>\n\n\n\n<p><\/p>\n\n\n\n<blockquote class=\"wp-block-quote is-layout-flow wp-block-quote-is-layout-flow\">\n<p>\u201cEs uno de los lugares donde se encuentran los asentamientos m\u00e1s antiguos, entre 55 mil y 60 mil a\u00f1os atr\u00e1s. Tambi\u00e9n es muy rico en arte rupestre aborigen, donde aparecen motivos de caza, animales y hasta barcos pintados en los paredones rocosos en momentos m\u00e1s recientes\u201d, destac\u00f3.<\/p>\n<\/blockquote>\n\n\n\n<p><\/p>\n\n\n\n<p>Su experiencia en el WAC no s\u00f3lo le permiti\u00f3 compartir los resultados de las investigaciones locales con una comunidad cient\u00edfica global, sino tambi\u00e9n conocer sitios arqueol\u00f3gicos claves para la <strong>comprensi\u00f3n de las din\u00e1micas de los grupos cazadores-recolectores a nivel mundial. <\/strong>\u201cYo no trabajo con arte rupestre, pero conoc\u00ed lugares que son sumamente importantes para la arqueolog\u00eda mundial\u201d, afirm\u00f3.<\/p>\n\n\n\n<p><\/p>\n\n\n\n<p>Finalmente, el Dr. Messineo reflexion\u00f3 sobre la importancia de generar apoyos que faciliten la participaci\u00f3n de investigadores\/as argentinos en este tipo de espacios: \u201cEs muy costoso para nosotros poder afrontarlo cuando no tenemos subsidios o financiamiento. Pero la ayuda que dio el WAC me incentiv\u00f3 a poder asistir a este congreso\u201d cerr\u00f3. <\/p>\n","protected":false},"excerpt":{"rendered":"<p>El Director del Departamento de Arqueolog\u00eda de FACSO particip\u00f3 por primera vez del World Archaeological Congress. Present\u00f3 los avances de<\/p>\n","protected":false},"author":6,"featured_media":183179,"comment_status":"closed","ping_status":"closed","sticky":false,"template":"","format":"standard","meta":{"_jetpack_memberships_contains_paid_content":false,"footnotes":""},"categories":[5,1],"tags":[],"class_list":["post-183171","post","type-post","status-publish","format-standard","has-post-thumbnail","hentry","category-informacion-general","category-portada"],"jetpack_featured_media_url":"https:\/\/i0.wp.com\/cdnoticias.com\/wp-content\/uploads\/2025\/09\/messineo-australia2.png?fit=948%2C605&ssl=1","jetpack_sharing_enabled":true,"_links":{"self":[{"href":"https:\/\/cdnoticias.com\/index.php\/wp-json\/wp\/v2\/posts\/183171","targetHints":{"allow":["GET"]}}],"collection":[{"href":"https:\/\/cdnoticias.com\/index.php\/wp-json\/wp\/v2\/posts"}],"about":[{"href":"https:\/\/cdnoticias.com\/index.php\/wp-json\/wp\/v2\/types\/post"}],"author":[{"embeddable":true,"href":"https:\/\/cdnoticias.com\/index.php\/wp-json\/wp\/v2\/users\/6"}],"replies":[{"embeddable":true,"href":"https:\/\/cdnoticias.com\/index.php\/wp-json\/wp\/v2\/comments?post=183171"}],"version-history":[{"count":0,"href":"https:\/\/cdnoticias.com\/index.php\/wp-json\/wp\/v2\/posts\/183171\/revisions"}],"wp:featuredmedia":[{"embeddable":true,"href":"https:\/\/cdnoticias.com\/index.php\/wp-json\/wp\/v2\/media\/183179"}],"wp:attachment":[{"href":"https:\/\/cdnoticias.com\/index.php\/wp-json\/wp\/v2\/media?parent=183171"}],"wp:term":[{"taxonomy":"category","embeddable":true,"href":"https:\/\/cdnoticias.com\/index.php\/wp-json\/wp\/v2\/categories?post=183171"},{"taxonomy":"post_tag","embeddable":true,"href":"https:\/\/cdnoticias.com\/index.php\/wp-json\/wp\/v2\/tags?post=183171"}],"curies":[{"name":"wp","href":"https:\/\/api.w.org\/{rel}","templated":true}]}}