{"id":18314,"date":"2021-04-08T16:46:27","date_gmt":"2021-04-08T19:46:27","guid":{"rendered":"http:\/\/www.centraldenoticias.com.ar\/?p=18314"},"modified":"2021-04-08T16:46:27","modified_gmt":"2021-04-08T19:46:27","slug":"docentes-e-investigadores-de-sociales-en-excavaciones-arqueologicas-en-tandil","status":"publish","type":"post","link":"https:\/\/cdnoticias.com\/index.php\/2021\/04\/08\/docentes-e-investigadores-de-sociales-en-excavaciones-arqueologicas-en-tandil\/","title":{"rendered":"Docentes e Investigadores de Sociales en excavaciones arqueol\u00f3gicas en Tandil"},"content":{"rendered":"<p>Se encuentran trabajando en el Fuerte Independencia, \u201cen pos de reconstruir c\u00f3mo era el comportamiento de los pueblos originarios\u201d se explic\u00f3.<!--more--><\/p>\n<hr \/>\n<p>Con la participaci\u00f3n de docentes e investigadores de la Facultad de Ciencias Sociales de Olavarr\u00eda, dependiente de la Universidad Nacional del Centro, comenz\u00f3 la excavaci\u00f3n en el Fuerte Independencia de Tandil, <strong>en pos de reconstruir c\u00f3mo era el comportamiento de los pueblos originarios.<\/strong><\/p>\n<p>&nbsp;<\/p>\n<p>El proyecto que comenz\u00f3 d\u00edas atr\u00e1s fue denominado \u201c<strong>Una mirada interdisciplinaria en proximidades del bicentenario de los pueblos al sur del Rio Salado bonaerense\u201d<\/strong> y se realiza en el marco del Proyecto de Investigaci\u00f3n Interdisciplinarios Orientados Fortalecimiento III, de la <strong>Secretar\u00eda de Ciencia, Arte y Tecnolog\u00eda de la UNICEN.<\/strong><\/p>\n<p>&nbsp;<\/p>\n<p><strong>La investigaci\u00f3n es dirigida por el doctor Julio Merlo<\/strong>, docente e investigador en el Instituto de Investigaciones del Cuaternario Pampeano (INCUAPA \u2013 CONICET) en la FACSO, y acompa\u00f1a en la co-direcci\u00f3n el Dr. Marcelino Irianni del Instituto de Estudios Hist\u00f3rico Sociales (IEHS \u2013 CONICET- UNICEN).<\/p>\n<p>&nbsp;<\/p>\n<p>Los objetivos del proyecto son desarrollar investigaciones sobre sitios arqueol\u00f3gicos correspondientes a las <strong>sociedades del interior de la Provincia de Buenos Aires del Siglo XIX<\/strong> y abordar diferentes cuestiones del contexto social de la \u00e9poca, focalizando en trabajos interdisciplinarios que incluyen a la arqueolog\u00eda, historia, etnohistoria, antropolog\u00eda, geolog\u00eda, f\u00edsica y comunicaci\u00f3n. El marco de referencia trata de profundizar las investigaciones llevadas a cabo hasta el momento,<strong> cuestiones relativas a las sociedades de frontera, como relaciones de poder, conflicts, perspectivas de g\u00e9nero, identitarios y \u00e9tnicos, a trav\u00e9s de diversos enfoques disciplinarios.<\/strong><\/p>\n<p>&nbsp;<\/p>\n<p><img data-recalc-dims=\"1\" loading=\"lazy\" decoding=\"async\" class=\"alignnone size-large wp-image-13366\" src=\"https:\/\/i0.wp.com\/cdnoticias.com\/wp-content\/uploads\/2021\/02\/sociales.jpg?resize=800%2C390&#038;ssl=1\" alt=\"\" width=\"800\" height=\"390\" srcset=\"https:\/\/i0.wp.com\/cdnoticias.com\/wp-content\/uploads\/2021\/02\/sociales.jpg?resize=1024%2C499&amp;ssl=1 1024w, https:\/\/i0.wp.com\/cdnoticias.com\/wp-content\/uploads\/2021\/02\/sociales.jpg?resize=300%2C146&amp;ssl=1 300w, https:\/\/i0.wp.com\/cdnoticias.com\/wp-content\/uploads\/2021\/02\/sociales.jpg?resize=768%2C374&amp;ssl=1 768w, https:\/\/i0.wp.com\/cdnoticias.com\/wp-content\/uploads\/2021\/02\/sociales.jpg?w=1366&amp;ssl=1 1366w\" sizes=\"auto, (max-width: 800px) 100vw, 800px\" \/><\/p>\n<p>&nbsp;<\/p>\n<p>El Dr. Julio Merlo, explic\u00f3 que \u201cteniendo en cuenta todos los protocolos vigentes por la pandemia del coronavirus Covid-19, comenzamos a trabajar con lo que consideramos la parte posterior al Fuerte Independencia\u201d. Y detall\u00f3 que \u201cen su momento encontramos algunos materiales en superficie, obviamente muy mezclados con los materiales actuales, porque esa zona se utiliza constantemente, porque estamos hablando del centro de Tandil. La idea es ahora hacerlo m\u00e1s sistem\u00e1tico y una recolecci\u00f3n de esos materiales como instrumentos l\u00edticos,<strong> relacionados a lo que se llamaron \u201cindios amigos\u201d, que estuvieron un tiempo en la parte posterior del Fuerte, cuando se instal\u00f3 el mismo\u201d.<\/strong><\/p>\n<p>&nbsp;<\/p>\n<p>El equipo de trabajo est\u00e1 conformado por Horacio Villalba del INCUAPA- CONICET de la Facultad de Ciencias Sociales; Claudia Gogorza del CIFICEN de la Facultad de Ciencias Exactas; Anabella Galvano del NURES \u2013 Facultad de Ciencias Sociales; Augusto Oliv\u00e1n del INCUAPA &#8211; CONICET de la Facultad de Ciencias Sociales; y Carla D\u00e1tale del IEHS de la Facultad de Ciencias Humanas.<\/p>\n<p>&nbsp;<\/p>\n<p>Adem\u00e1s, participan como miembros colaboradores la Dra. Mar\u00eda Del Carmen Langiano (l\u00ednea de investigaci\u00f3n Arqueolog\u00eda Hist\u00f3rica), la Dra. Marilina Martucci (l\u00ednea de investigaci\u00f3n Arqueolog\u00eda Hist\u00f3rica y An\u00e1lisis de Tecnolog\u00eda L\u00edtica), V\u00edctor Mart\u00ednez Quiroz (INCUAPA \u2013 CONICET), Dalila Herrera Villegas (INCUAPA \u2013 CONICET), Dra. Mar\u00eda del Carmen Valerio (l\u00ednea de investigaci\u00f3n Antropolog\u00eda Rural), Lic. Fabi\u00e1n De Haro (l\u00ednea de investigaci\u00f3n Arqueolog\u00eda Virtual), Dr. Bilbao (l\u00ednea de investigaci\u00f3n Historia &#8211; FCH- IEHS-CONICET), la Lic. B\u00e1rbara Sosa Muller (Muse\u00f3loga), y las estudiantes Luisina Merlo y Mar\u00eda de la Paz Buch\u00e9 de la FACSO; Laura Alicia Villalba de la FCH.<\/p>\n<p>&nbsp;<\/p>\n","protected":false},"excerpt":{"rendered":"<p>Se encuentran trabajando en el Fuerte Independencia, \u201cen pos de reconstruir c\u00f3mo era el comportamiento de los pueblos originarios\u201d se<\/p>\n","protected":false},"author":3,"featured_media":18315,"comment_status":"closed","ping_status":"closed","sticky":false,"template":"","format":"standard","meta":{"_jetpack_memberships_contains_paid_content":false,"footnotes":""},"categories":[5,1],"tags":[],"class_list":["post-18314","post","type-post","status-publish","format-standard","has-post-thumbnail","hentry","category-informacion-general","category-portada"],"jetpack_featured_media_url":"https:\/\/i0.wp.com\/cdnoticias.com\/wp-content\/uploads\/2021\/04\/unnamed.jpg?fit=1280%2C855&ssl=1","jetpack_sharing_enabled":true,"_links":{"self":[{"href":"https:\/\/cdnoticias.com\/index.php\/wp-json\/wp\/v2\/posts\/18314","targetHints":{"allow":["GET"]}}],"collection":[{"href":"https:\/\/cdnoticias.com\/index.php\/wp-json\/wp\/v2\/posts"}],"about":[{"href":"https:\/\/cdnoticias.com\/index.php\/wp-json\/wp\/v2\/types\/post"}],"author":[{"embeddable":true,"href":"https:\/\/cdnoticias.com\/index.php\/wp-json\/wp\/v2\/users\/3"}],"replies":[{"embeddable":true,"href":"https:\/\/cdnoticias.com\/index.php\/wp-json\/wp\/v2\/comments?post=18314"}],"version-history":[{"count":0,"href":"https:\/\/cdnoticias.com\/index.php\/wp-json\/wp\/v2\/posts\/18314\/revisions"}],"wp:featuredmedia":[{"embeddable":true,"href":"https:\/\/cdnoticias.com\/index.php\/wp-json\/wp\/v2\/media\/18315"}],"wp:attachment":[{"href":"https:\/\/cdnoticias.com\/index.php\/wp-json\/wp\/v2\/media?parent=18314"}],"wp:term":[{"taxonomy":"category","embeddable":true,"href":"https:\/\/cdnoticias.com\/index.php\/wp-json\/wp\/v2\/categories?post=18314"},{"taxonomy":"post_tag","embeddable":true,"href":"https:\/\/cdnoticias.com\/index.php\/wp-json\/wp\/v2\/tags?post=18314"}],"curies":[{"name":"wp","href":"https:\/\/api.w.org\/{rel}","templated":true}]}}