{"id":183138,"date":"2025-09-22T09:31:21","date_gmt":"2025-09-22T12:31:21","guid":{"rendered":"https:\/\/cdnoticias.com\/?p=183138"},"modified":"2025-09-22T10:26:46","modified_gmt":"2025-09-22T13:26:46","slug":"busca-dolares-el-gobierno-elimina-las-retenciones-a-los-granos-hasta-el-31-de-octubre","status":"publish","type":"post","link":"https:\/\/cdnoticias.com\/index.php\/2025\/09\/22\/busca-dolares-el-gobierno-elimina-las-retenciones-a-los-granos-hasta-el-31-de-octubre\/","title":{"rendered":"Busca d\u00f3lares: el Gobierno elimina las retenciones a los granos hasta el 31 de octubre"},"content":{"rendered":"<p>La medida sobre las retenciones fue anunciada por el vocero Manuel Adorni en medio de la suba del d\u00f3lar y la incertidumbre en los mercados.<!--more--><\/p>\n<hr \/>\n<p>En medio de la suba del d\u00f3lar, la<strong> merma de reservas y la incertidumbre en los mercados<\/strong>, el Gobierno nacional dispuso que <strong>no le cobrar\u00e1 retenciones a los granos hasta el 31 de octubre<\/strong>. La medida busca generar una <strong>mayor oferta de la moneda estadounidense luego de la suba<\/strong> que llevaron la cotizaci\u00f3n oficial por encima de los $1500.<\/p>\n<blockquote><p>De acuerdo al Decreto 682\/2025 publicado en el Bolet\u00edn Oficial, la gesti\u00f3n libertaria explic\u00f3 que no le cobrar\u00e1 retenciones a los granos hasta el 31 de octubre o hasta que se concreten declaraciones juradas de exportaci\u00f3n por US$ 7.000 millones, lo que ocurra primero.<\/p><\/blockquote>\n<p>En tanto, el art\u00edculo 2\u00ba del decreto establece que <strong>los exportadores alcanzados deber\u00e1n liquidar al menos el 90% de las divisas dentro de los tres d\u00edas h\u00e1biles posteriores a la presentaci\u00f3n de las Declaraciones Juradas de Venta al Exterior (DJVE)<\/strong>, ya sea mediante cobros de exportaciones, anticipos de liquidaci\u00f3n o financiamiento externo. De no cumplirse con este requisito, <strong>el beneficio caducar\u00e1 y volver\u00e1 a aplicarse la al\u00edcuota de retenciones<\/strong> vigente hasta antes de la publicaci\u00f3n de la norma.<\/p>\n<blockquote class=\"twitter-tweet\">\n<p lang=\"es\" dir=\"ltr\">La vieja pol\u00edtica busca generar incertidumbre para boicotear el programa de gobierno. Al hacerlo castigan a los argentinos: no lo vamos a permitir. <\/p>\n<p>Por eso, y con el objetivo de generar mayor oferta de d\u00f3lares durante este per\u00edodo, hasta el 31 de octubre habr\u00e1 retenciones cero\u2026<\/p>\n<p>&mdash; Manuel Adorni (@madorni) <a href=\"https:\/\/twitter.com\/madorni\/status\/1970078533247459394?ref_src=twsrc%5Etfw\">September 22, 2025<\/a><\/p><\/blockquote>\n<p> <script async src=\"https:\/\/platform.twitter.com\/widgets.js\" charset=\"utf-8\"><\/script><\/p>\n<blockquote><p>\u201cLa vieja pol\u00edtica busca generar incertidumbre para boicotear el programa de gobierno. Al hacerlo castigan a los argentinos: no lo vamos a permitir. Por eso, y con el objetivo de generar mayor oferta de d\u00f3lares durante este per\u00edodo, hasta el 31 de octubre habr\u00e1 retenciones cero para todos los granos. Fin\u201d, anticip\u00f3 el vocero Manuel Adorni.<\/p><\/blockquote>\n<p>De esta manera, el Gobierno de Javier Milei busca <strong>frenar la sangr\u00eda de d\u00f3lares<\/strong> que le provocaron p\u00e9rdidas de casi 1000 millones en las reservas del Banco Central.<\/p>\n<h3>C\u00f3mo estaban las retenciones<\/h3>\n<p>El Gobierno nacional oficializ\u00f3 <a href=\"https:\/\/cdnoticias.com\/index.php\/2025\/07\/27\/milei-anuncio-la-reduccion-permanente-de-varias-retenciones-a-los-granos-y-la-carnes\/\" target=\"_blank\" rel=\"noopener\">a fines de julio la <strong>reducci\u00f3n permanente de las retenciones a las exportaciones<\/strong><\/a><strong> de soja, carne, ma\u00edz, sorgo y girasol<\/strong>, mediante el Decreto 526\/2025 publicado este jueves en el Bolet\u00edn Oficial.<\/p>\n<p>La normativa formaliz\u00f3 el anuncio realizado d\u00edas antes por el presidente Javier Milei al inaugurar la 137\u00aa Exposici\u00f3n Rural, prometiendo que <strong>esta disminuci\u00f3n \u201cse mantendr\u00e1 mientras est\u00e9 en el gobierno\u201d<\/strong> y que buscar\u00e1 profundizarla hasta llevar los derechos de exportaci\u00f3n a cero.<\/p>\n<p>De esta manera, las retenciones a las exportaciones se reduc\u00edan a la carne aviar y vacuna del 6,75% al 5%; al ma\u00edz del 12% a 9,5%, al sorgo de 12% a 9,5%, al girasol del 7,5% al 5,5%, a la soja del 33% al 26%, y a los subproductos de soja del 31% al 24,5%.<\/p>\n<p>Fuente: <em>Agencia DIB<\/em><\/p>\n","protected":false},"excerpt":{"rendered":"<p>La medida sobre las retenciones fue anunciada por el vocero Manuel Adorni en medio de la suba del d\u00f3lar y<\/p>\n","protected":false},"author":4,"featured_media":183139,"comment_status":"closed","ping_status":"closed","sticky":false,"template":"","format":"standard","meta":{"_jetpack_memberships_contains_paid_content":false,"footnotes":""},"categories":[6,1],"tags":[],"class_list":["post-183138","post","type-post","status-publish","format-standard","has-post-thumbnail","hentry","category-nacionales","category-portada"],"jetpack_featured_media_url":"https:\/\/i0.wp.com\/cdnoticias.com\/wp-content\/uploads\/2025\/09\/campo-cosecha-trigo.jpg?fit=800%2C445&ssl=1","jetpack_sharing_enabled":true,"_links":{"self":[{"href":"https:\/\/cdnoticias.com\/index.php\/wp-json\/wp\/v2\/posts\/183138","targetHints":{"allow":["GET"]}}],"collection":[{"href":"https:\/\/cdnoticias.com\/index.php\/wp-json\/wp\/v2\/posts"}],"about":[{"href":"https:\/\/cdnoticias.com\/index.php\/wp-json\/wp\/v2\/types\/post"}],"author":[{"embeddable":true,"href":"https:\/\/cdnoticias.com\/index.php\/wp-json\/wp\/v2\/users\/4"}],"replies":[{"embeddable":true,"href":"https:\/\/cdnoticias.com\/index.php\/wp-json\/wp\/v2\/comments?post=183138"}],"version-history":[{"count":0,"href":"https:\/\/cdnoticias.com\/index.php\/wp-json\/wp\/v2\/posts\/183138\/revisions"}],"wp:featuredmedia":[{"embeddable":true,"href":"https:\/\/cdnoticias.com\/index.php\/wp-json\/wp\/v2\/media\/183139"}],"wp:attachment":[{"href":"https:\/\/cdnoticias.com\/index.php\/wp-json\/wp\/v2\/media?parent=183138"}],"wp:term":[{"taxonomy":"category","embeddable":true,"href":"https:\/\/cdnoticias.com\/index.php\/wp-json\/wp\/v2\/categories?post=183138"},{"taxonomy":"post_tag","embeddable":true,"href":"https:\/\/cdnoticias.com\/index.php\/wp-json\/wp\/v2\/tags?post=183138"}],"curies":[{"name":"wp","href":"https:\/\/api.w.org\/{rel}","templated":true}]}}