{"id":183079,"date":"2025-09-22T08:28:47","date_gmt":"2025-09-22T11:28:47","guid":{"rendered":"https:\/\/cdnoticias.com\/?p=183079"},"modified":"2025-09-22T08:28:55","modified_gmt":"2025-09-22T11:28:55","slug":"comienza-el-torneo-profesional-de-tenis-copa-abierto-la-pedrera","status":"publish","type":"post","link":"https:\/\/cdnoticias.com\/index.php\/2025\/09\/22\/comienza-el-torneo-profesional-de-tenis-copa-abierto-la-pedrera\/","title":{"rendered":"Comienza el torneo profesional de tenis \u201cCopa Abierto La Pedrera\u201d"},"content":{"rendered":"\n<p>Participar\u00e1n jugadores de distintos puntos del pa\u00eds y habr\u00e1 presencia local.<\/p>\n\n\n\n<hr class=\"wp-block-separator aligncenter has-alpha-channel-opacity\"\/>\n\n\n\n<p>Del<strong> 23 al 27 de septiembre<\/strong>, Olavarr\u00eda ser\u00e1 sede de un importante evento deportivo: <strong>\u201cCopa Abierto La Pedrera\u201d<\/strong>, un <strong>torneo profesional de tenis <\/strong>que se disputar\u00e1 en las <strong>canchas de La Pedrera.<\/strong><\/p>\n\n\n\n<p><\/p>\n\n\n\n<p>La competencia es organizada por la<strong> Asociaci\u00f3n Argentina de Tenis<\/strong> (AAT) y reunir\u00e1 a<strong> destacados jugadores y jugadoras del circuito profesional.<\/strong> El certamen repartir\u00e1<strong> un mill\u00f3n de pesos en premios <\/strong>y otorgar\u00e1 <strong>puntos para el ranking profesional,<\/strong> lo que lo convierte en una cita de gran relevancia dentro del calendario nacional.<\/p>\n\n\n\n<p><\/p>\n\n\n\n<blockquote class=\"wp-block-quote is-layout-flow wp-block-quote-is-layout-flow\">\n<p>La entrada ser\u00e1 libre y gratuita, ofreciendo a toda la comunidad la posibilidad de disfrutar del mejor tenis de alto nivel, en un reconocido espacio de la ciudad.<\/p>\n<\/blockquote>\n\n\n\n<p><\/p>\n\n\n\n<p>De esta manera, Olavarr\u00eda se prepara para vivir <strong>una semana a puro tenis,<\/strong> con un evento que promete atraer tanto a personas que practican el deporte como a vecinos y vecinas en general.<\/p>\n\n\n\n<p><\/p>\n","protected":false},"excerpt":{"rendered":"<p>Participar\u00e1n jugadores de distintos puntos del pa\u00eds y habr\u00e1 presencia local. Del 23 al 27 de septiembre, Olavarr\u00eda ser\u00e1 sede<\/p>\n","protected":false},"author":6,"featured_media":183081,"comment_status":"closed","ping_status":"closed","sticky":false,"template":"","format":"standard","meta":{"_jetpack_memberships_contains_paid_content":false,"footnotes":""},"categories":[29,1,55],"tags":[],"class_list":["post-183079","post","type-post","status-publish","format-standard","has-post-thumbnail","hentry","category-deportes","category-portada","category-tenis-padel"],"jetpack_featured_media_url":"https:\/\/i0.wp.com\/cdnoticias.com\/wp-content\/uploads\/2025\/09\/torneo-tenis-la-pedrera.jpg?fit=900%2C538&ssl=1","jetpack_sharing_enabled":true,"_links":{"self":[{"href":"https:\/\/cdnoticias.com\/index.php\/wp-json\/wp\/v2\/posts\/183079","targetHints":{"allow":["GET"]}}],"collection":[{"href":"https:\/\/cdnoticias.com\/index.php\/wp-json\/wp\/v2\/posts"}],"about":[{"href":"https:\/\/cdnoticias.com\/index.php\/wp-json\/wp\/v2\/types\/post"}],"author":[{"embeddable":true,"href":"https:\/\/cdnoticias.com\/index.php\/wp-json\/wp\/v2\/users\/6"}],"replies":[{"embeddable":true,"href":"https:\/\/cdnoticias.com\/index.php\/wp-json\/wp\/v2\/comments?post=183079"}],"version-history":[{"count":0,"href":"https:\/\/cdnoticias.com\/index.php\/wp-json\/wp\/v2\/posts\/183079\/revisions"}],"wp:featuredmedia":[{"embeddable":true,"href":"https:\/\/cdnoticias.com\/index.php\/wp-json\/wp\/v2\/media\/183081"}],"wp:attachment":[{"href":"https:\/\/cdnoticias.com\/index.php\/wp-json\/wp\/v2\/media?parent=183079"}],"wp:term":[{"taxonomy":"category","embeddable":true,"href":"https:\/\/cdnoticias.com\/index.php\/wp-json\/wp\/v2\/categories?post=183079"},{"taxonomy":"post_tag","embeddable":true,"href":"https:\/\/cdnoticias.com\/index.php\/wp-json\/wp\/v2\/tags?post=183079"}],"curies":[{"name":"wp","href":"https:\/\/api.w.org\/{rel}","templated":true}]}}