{"id":183057,"date":"2025-09-21T10:00:12","date_gmt":"2025-09-21T13:00:12","guid":{"rendered":"https:\/\/cdnoticias.com\/?p=183057"},"modified":"2025-09-21T10:00:14","modified_gmt":"2025-09-21T13:00:14","slug":"un-hombre-fallecio-producto-de-un-vuelco-en-camioneta","status":"publish","type":"post","link":"https:\/\/cdnoticias.com\/index.php\/2025\/09\/21\/un-hombre-fallecio-producto-de-un-vuelco-en-camioneta\/","title":{"rendered":"Un hombre falleci\u00f3 producto de un vuelco en camioneta"},"content":{"rendered":"\n<p>El accidente ocurri\u00f3 este s\u00e1bado por la ma\u00f1ana en la Ruta Nacional 205.<\/p>\n\n\n\n<hr class=\"wp-block-separator aligncenter has-alpha-channel-opacity\"\/>\n\n\n\n<p>El s\u00e1bado por la ma\u00f1ana, bajo el temporal de lluvia, <strong>un hombre falleci\u00f3 al volcar la camioneta que manejaba en la Ruta Nacional 205<\/strong>.El accidente ocurri\u00f3 en el kil\u00f3metro 287, a pocos metros de La Nicolasa.\u00a0<\/p>\n\n\n\n<p><\/p>\n\n\n\n<blockquote class=\"wp-block-quote is-layout-flow wp-block-quote-is-layout-flow\">\n<p>El rodado Ford Ranger era manejado por un bolivarense que fue identificado como Edberto Rodolfo Fuentes, de 67 a\u00f1os, quien viajaba solo y falleci\u00f3 en el acto.<\/p>\n<\/blockquote>\n\n\n\n<p><\/p>\n\n\n\n<p>Las causas que ocasionaron el siniestro a\u00fan son <strong>materia de investigaci\u00f3n, <\/strong>pero se presume que <strong>el resbaladizo estado de la calzada pudo haber sido el detonante del accidente que no involucr\u00f3 a terceros.\u00a0<\/strong><\/p>\n\n\n\n<p><\/p>\n\n\n\n<p>En efecto, pr\u00e1cticamente en simult\u00e1neo, <strong>otro siniestro se dio en la misma carretera y con escasos kil\u00f3metros de distancia. <\/strong>Fue un Volkswagen Gol Trend que, a la altura de la localidad de Unzu\u00e9, <strong>despist\u00f3 sin ocasionar consecuencias graves.<\/strong><\/p>\n\n\n\n<p><\/p>\n\n\n\n<p>Equipos de emergencia se trasladaron al lugar del accidente donde falleci\u00f3 Fuentes. Se destac\u00f3 el operativo policial, a cargo del comisario Pedro Poveda, y el apoyo de la Direcci\u00f3n de Defensa Civil.&nbsp;<\/p>\n\n\n\n<p><\/p>\n\n\n\n<p>Asimismo, arrib\u00f3 a escena una ambulancia del servicio 107 y una dotaci\u00f3n de Bomberos Voluntarios. Se aguard\u00f3 tambi\u00e9n por la llegada de la Polic\u00eda Cient\u00edfica.<\/p>\n\n\n\n<p><\/p>\n\n\n\n<p><em>Fuente: Diario La Ma\u00f1ana<\/em><\/p>\n","protected":false},"excerpt":{"rendered":"<p>El accidente ocurri\u00f3 este s\u00e1bado por la ma\u00f1ana en la Ruta Nacional 205. El s\u00e1bado por la ma\u00f1ana, bajo el<\/p>\n","protected":false},"author":6,"featured_media":183059,"comment_status":"closed","ping_status":"closed","sticky":false,"template":"","format":"standard","meta":{"_jetpack_memberships_contains_paid_content":false,"footnotes":""},"categories":[14,1],"tags":[],"class_list":["post-183057","post","type-post","status-publish","format-standard","has-post-thumbnail","hentry","category-policiales","category-portada"],"jetpack_featured_media_url":"https:\/\/i0.wp.com\/cdnoticias.com\/wp-content\/uploads\/2025\/09\/choque-bolivarense.jpg?fit=900%2C506&ssl=1","jetpack_sharing_enabled":true,"_links":{"self":[{"href":"https:\/\/cdnoticias.com\/index.php\/wp-json\/wp\/v2\/posts\/183057","targetHints":{"allow":["GET"]}}],"collection":[{"href":"https:\/\/cdnoticias.com\/index.php\/wp-json\/wp\/v2\/posts"}],"about":[{"href":"https:\/\/cdnoticias.com\/index.php\/wp-json\/wp\/v2\/types\/post"}],"author":[{"embeddable":true,"href":"https:\/\/cdnoticias.com\/index.php\/wp-json\/wp\/v2\/users\/6"}],"replies":[{"embeddable":true,"href":"https:\/\/cdnoticias.com\/index.php\/wp-json\/wp\/v2\/comments?post=183057"}],"version-history":[{"count":0,"href":"https:\/\/cdnoticias.com\/index.php\/wp-json\/wp\/v2\/posts\/183057\/revisions"}],"wp:featuredmedia":[{"embeddable":true,"href":"https:\/\/cdnoticias.com\/index.php\/wp-json\/wp\/v2\/media\/183059"}],"wp:attachment":[{"href":"https:\/\/cdnoticias.com\/index.php\/wp-json\/wp\/v2\/media?parent=183057"}],"wp:term":[{"taxonomy":"category","embeddable":true,"href":"https:\/\/cdnoticias.com\/index.php\/wp-json\/wp\/v2\/categories?post=183057"},{"taxonomy":"post_tag","embeddable":true,"href":"https:\/\/cdnoticias.com\/index.php\/wp-json\/wp\/v2\/tags?post=183057"}],"curies":[{"name":"wp","href":"https:\/\/api.w.org\/{rel}","templated":true}]}}