{"id":182964,"date":"2025-09-20T17:02:44","date_gmt":"2025-09-20T20:02:44","guid":{"rendered":"https:\/\/cdnoticias.com\/?p=182964"},"modified":"2025-09-20T21:00:28","modified_gmt":"2025-09-21T00:00:28","slug":"alerta-naranja-el-municipio-trabaja-en-distintos-barrios-a-raiz-de-las-tormentas","status":"publish","type":"post","link":"https:\/\/cdnoticias.com\/index.php\/2025\/09\/20\/alerta-naranja-el-municipio-trabaja-en-distintos-barrios-a-raiz-de-las-tormentas\/","title":{"rendered":"Alerta naranja: el Municipio trabaja en distintos barrios a ra\u00edz de las tormentas"},"content":{"rendered":"\n<p>Se solicita a la comunidad no circular y seguir las recomendaciones brindadas por los medios oficiales.&nbsp;<\/p>\n\n\n\n<hr class=\"wp-block-separator aligncenter has-alpha-channel-opacity\"\/>\n\n\n\n<p>A ra\u00edz de las<strong> tormentas registradas en la ciudad<\/strong>, el Municipio de Olavarr\u00eda se encuentra <strong>trabajando en distintos barrios<\/strong> donde se encontraron <strong>calles anegadas <\/strong>por las fuertes lluvias. <\/p>\n\n\n\n<p><\/p>\n\n\n\n<p>Personal de Protecci\u00f3n Ciudadana y equipos de obras p\u00fablicas <strong>recorren las zonas afectadas y se lleva adelante el control de sumideros. <\/strong>Asimismo, desde Desarrollo de la Comunidad, a trav\u00e9s de la guardia, <strong>se atienden diferentes situaciones de emergencia.<\/strong><\/p>\n\n\n\n<p><\/p>\n\n\n\n<blockquote class=\"wp-block-quote is-layout-flow wp-block-quote-is-layout-flow\">\n<p>Se recuerda que Olavarr\u00eda se encuentra dentro del \u00e1rea de influencia de alertas de nivel \u201camarillo\u201d y \u201cnaranja\u201d por tormentas para la jornada de este s\u00e1bado. Asimismo, la Estaci\u00f3n Meteorol\u00f3gica inform\u00f3 que hasta las 15 horas el agua ca\u00edda alcanz\u00f3 los 13,7 mm. <\/p>\n<\/blockquote>\n\n\n\n<p><\/p>\n\n\n\n<p>Por tal motivo, <strong>se solicita a la comunidad no circular <\/strong>y colaborar siguiendo las siguientes recomendaciones:<\/p>\n\n\n\n<p>\u2022 No sacar la basura.<\/p>\n\n\n\n<p>\u2022 Retirar objetos que puedan impedir el normal escurrimiento del agua.<\/p>\n\n\n\n<p>\u2022 Evitar actividades al aire libre.<\/p>\n\n\n\n<p>\u2022 Mantenerse informado a trav\u00e9s de los canales oficiales.<\/p>\n\n\n\n<p>\u2022 Realizar la carga de celulares.<\/p>\n\n\n\n<p>\u2022 Mantenerse alejado de artefactos el\u00e9ctricos.<\/p>\n\n\n\n<p>\u2022 Si est\u00e1 en un veh\u00edculo, permanecer en su interior.<\/p>\n\n\n\n<p>\u2022 Cortar la energ\u00eda el\u00e9ctrica si ingresa agua en la vivienda.<\/p>\n\n\n\n<p>\u2022 Mantener la limpieza de canaletas de techos y desag\u00fces de patios internos.<\/p>\n\n\n\n<p>\u2022 Asegurar o retirar elementos que puedan caer desde altura (como macetas o chapas).<\/p>\n\n\n\n<p><\/p>\n\n\n\n<p>Por \u00faltimo, se recuerdan las <strong>v\u00edas de comunicaci\u00f3n disponibles<\/strong> ante cualquier emergencia:<\/p>\n\n\n\n<p>\u2022 100 Bomberos<\/p>\n\n\n\n<p>\u2022 103 Defensa Civil<\/p>\n\n\n\n<p>\u2022 107 Hospital <\/p>\n\n\n\n<p>\u2022 2284-544817 Vecinos en Red (solo WhatsApp).<\/p>\n","protected":false},"excerpt":{"rendered":"<p>Se solicita a la comunidad no circular y seguir las recomendaciones brindadas por los medios oficiales.&nbsp; A ra\u00edz de las<\/p>\n","protected":false},"author":6,"featured_media":182967,"comment_status":"closed","ping_status":"closed","sticky":false,"template":"","format":"standard","meta":{"_jetpack_memberships_contains_paid_content":false,"footnotes":""},"categories":[5,1],"tags":[],"class_list":["post-182964","post","type-post","status-publish","format-standard","has-post-thumbnail","hentry","category-informacion-general","category-portada"],"jetpack_featured_media_url":"https:\/\/i0.wp.com\/cdnoticias.com\/wp-content\/uploads\/2025\/09\/calles-inundadas-alerta-naranja2.jpg?fit=900%2C506&ssl=1","jetpack_sharing_enabled":true,"_links":{"self":[{"href":"https:\/\/cdnoticias.com\/index.php\/wp-json\/wp\/v2\/posts\/182964","targetHints":{"allow":["GET"]}}],"collection":[{"href":"https:\/\/cdnoticias.com\/index.php\/wp-json\/wp\/v2\/posts"}],"about":[{"href":"https:\/\/cdnoticias.com\/index.php\/wp-json\/wp\/v2\/types\/post"}],"author":[{"embeddable":true,"href":"https:\/\/cdnoticias.com\/index.php\/wp-json\/wp\/v2\/users\/6"}],"replies":[{"embeddable":true,"href":"https:\/\/cdnoticias.com\/index.php\/wp-json\/wp\/v2\/comments?post=182964"}],"version-history":[{"count":0,"href":"https:\/\/cdnoticias.com\/index.php\/wp-json\/wp\/v2\/posts\/182964\/revisions"}],"wp:featuredmedia":[{"embeddable":true,"href":"https:\/\/cdnoticias.com\/index.php\/wp-json\/wp\/v2\/media\/182967"}],"wp:attachment":[{"href":"https:\/\/cdnoticias.com\/index.php\/wp-json\/wp\/v2\/media?parent=182964"}],"wp:term":[{"taxonomy":"category","embeddable":true,"href":"https:\/\/cdnoticias.com\/index.php\/wp-json\/wp\/v2\/categories?post=182964"},{"taxonomy":"post_tag","embeddable":true,"href":"https:\/\/cdnoticias.com\/index.php\/wp-json\/wp\/v2\/tags?post=182964"}],"curies":[{"name":"wp","href":"https:\/\/api.w.org\/{rel}","templated":true}]}}