{"id":182951,"date":"2025-09-20T13:56:09","date_gmt":"2025-09-20T16:56:09","guid":{"rendered":"https:\/\/cdnoticias.com\/?p=182951"},"modified":"2025-09-20T13:56:11","modified_gmt":"2025-09-20T16:56:11","slug":"cristian-andres-lario-q-e-p-d","status":"publish","type":"post","link":"https:\/\/cdnoticias.com\/index.php\/2025\/09\/20\/cristian-andres-lario-q-e-p-d\/","title":{"rendered":"Cristian Andr\u00e9s Lario (Q.E.P.D.)"},"content":{"rendered":"<p>Falleci\u00f3 en Olavarr\u00eda el 20 de septiembre de 2025 a los 47 a\u00f1os.<\/p>\n<p>Su esposa Natalia Cancina; sus hijos Milagros, Braian y Wanda; sus hijos pol\u00edticos Marcelo Leguizam\u00f3n y Nicol\u00e1s Garc\u00eda; sus nietos Tatiana, Rom\u00e1n, Lorenzo y Renata; sus padres Cristina Moyano y Ra\u00fal Casquero; sus hermanos Nicol\u00e1s, Florencia, Nadia y Ruth; sus sobrinos y dem\u00e1s deudos participan su fallecimiento.<\/p>\n<p>Sus restos ser\u00e1n velados en la Sala de Espa\u00f1a 2942 departamento \u201cC\u201d, con responso en la Capilla Ardiente, e inhumados en el Cementerio Loma de Paz este domingo 21 de septiembre a las 08:30 horas. Servicio adherido a Coopelectric.<\/p>\n<p>Nacido en Olavarr\u00eda, vecino de barrio Coronel Dorrego, empleado metal\u00fargico.<\/p>\n","protected":false},"excerpt":{"rendered":"<p>Falleci\u00f3 en Olavarr\u00eda el 20 de septiembre de 2025 a los 47 a\u00f1os. Su esposa Natalia Cancina; sus hijos Milagros,<\/p>\n","protected":false},"author":2,"featured_media":51544,"comment_status":"closed","ping_status":"closed","sticky":false,"template":"","format":"standard","meta":{"_jetpack_memberships_contains_paid_content":false,"footnotes":""},"categories":[10],"tags":[],"class_list":["post-182951","post","type-post","status-publish","format-standard","has-post-thumbnail","hentry","category-necrologicas"],"jetpack_featured_media_url":"https:\/\/i0.wp.com\/cdnoticias.com\/wp-content\/uploads\/2022\/04\/necrologicas-390-x-240.jpg?fit=390%2C240&ssl=1","jetpack_sharing_enabled":true,"_links":{"self":[{"href":"https:\/\/cdnoticias.com\/index.php\/wp-json\/wp\/v2\/posts\/182951","targetHints":{"allow":["GET"]}}],"collection":[{"href":"https:\/\/cdnoticias.com\/index.php\/wp-json\/wp\/v2\/posts"}],"about":[{"href":"https:\/\/cdnoticias.com\/index.php\/wp-json\/wp\/v2\/types\/post"}],"author":[{"embeddable":true,"href":"https:\/\/cdnoticias.com\/index.php\/wp-json\/wp\/v2\/users\/2"}],"replies":[{"embeddable":true,"href":"https:\/\/cdnoticias.com\/index.php\/wp-json\/wp\/v2\/comments?post=182951"}],"version-history":[{"count":0,"href":"https:\/\/cdnoticias.com\/index.php\/wp-json\/wp\/v2\/posts\/182951\/revisions"}],"wp:featuredmedia":[{"embeddable":true,"href":"https:\/\/cdnoticias.com\/index.php\/wp-json\/wp\/v2\/media\/51544"}],"wp:attachment":[{"href":"https:\/\/cdnoticias.com\/index.php\/wp-json\/wp\/v2\/media?parent=182951"}],"wp:term":[{"taxonomy":"category","embeddable":true,"href":"https:\/\/cdnoticias.com\/index.php\/wp-json\/wp\/v2\/categories?post=182951"},{"taxonomy":"post_tag","embeddable":true,"href":"https:\/\/cdnoticias.com\/index.php\/wp-json\/wp\/v2\/tags?post=182951"}],"curies":[{"name":"wp","href":"https:\/\/api.w.org\/{rel}","templated":true}]}}