{"id":182949,"date":"2025-09-20T13:08:31","date_gmt":"2025-09-20T16:08:31","guid":{"rendered":"https:\/\/cdnoticias.com\/?p=182949"},"modified":"2025-09-20T13:08:32","modified_gmt":"2025-09-20T16:08:32","slug":"se-reprogramo-la-inauguracion-de-la-muestra-mes-del-grabado-en-olavarria","status":"publish","type":"post","link":"https:\/\/cdnoticias.com\/index.php\/2025\/09\/20\/se-reprogramo-la-inauguracion-de-la-muestra-mes-del-grabado-en-olavarria\/","title":{"rendered":"Se reprogram\u00f3 la inauguraci\u00f3n de la muestra \u201cMes del Grabado en Olavarr\u00eda\u201d"},"content":{"rendered":"<p>Se realizar\u00e1 este domingo, desde las 19:30 horas, en el Museo D\u00e1maso Arce.<!--more--><\/p>\n<hr \/>\n<p>El Municipio de Olavarr\u00eda inform\u00f3 que <strong>debido a las condiciones clim\u00e1ticas<\/strong> y al <a href=\"https:\/\/cdnoticias.com\/index.php\/2025\/09\/20\/olavarria-en-alerta-naranja-por-fuertes-tormentas\/\" target=\"_blank\" rel=\"noopener\">pron\u00f3stico de m\u00e1s precipitaciones<\/a><strong> se reprogram\u00f3 la inauguraci\u00f3n de la muestra \u201cMes del Grabado en Olavarr\u00eda\u201d<\/strong>, que iba a <a href=\"https:\/\/cdnoticias.com\/index.php\/2025\/09\/18\/se-inaugura-la-muestra-mes-del-grabado-en-olavarria\/\" target=\"_blank\" rel=\"noopener\">realizarse este s\u00e1bado<\/a> desde las 19:30 horas.<\/p>\n<blockquote><p>Desde la Subsecretar\u00eda de Cultura se detall\u00f3 que la propuesta se realizar\u00e1 este domingo, al mismo horario, en el Museo D\u00e1maso Arce.<\/p><\/blockquote>\n<p>La exposici\u00f3n se enmarca en la <strong>conmemoraci\u00f3n del Museo Nacional de Grabado<\/strong> fundado en la ciudad de Bs. As en el a\u00f1o 1960, por iniciativa de Oscar P\u00e9cora, Irene Perrando y un grupo de entusiastas de dicha especialidad.<\/p>\n<p>Re\u00fane las <strong>obras de 7 artistas<\/strong>: <em>Bernardo Andino, Eduardo Ayala, Cecilia Bax, Fernando Garc\u00eda, Natalia Krivochen, Bel\u00e9n K\u00fcber y Lorena Rivas<\/em>.<\/p>\n<p>Para complementar la exhibici\u00f3n se presentan tambi\u00e9n <strong>obras patrimoniales de la instituci\u00f3n, reuniendo as\u00ed 30 obras en la sala 2 del Museo.<\/strong><\/p>\n<blockquote><p>La muestra podr\u00e1 ser recorrida en los siguientes horarios de apertura al p\u00fablico: Martes a jueves de 8:00 a 12:00 Hs y de 13:00 a 17:00 Hs; Viernes de 8:00 a 12:00 y de 13:00 a 18:00 Hs, y s\u00e1bados, domingos y feriados de 15:00 a 18:00 Hs.<\/p><\/blockquote>\n<p>El Museo D\u00e1maso Arce est\u00e1 ubicado en <strong>San Mart\u00edn 2862<\/strong>. Para informes y m\u00e1s detalles sobre las actividades en el marco de esta exhibici\u00f3n, los interesados pueden escribir al mail del museo: museo.damasoarce@olavarria.gov.ar.<\/p>\n","protected":false},"excerpt":{"rendered":"<p>Se realizar\u00e1 este domingo, desde las 19:30 horas, en el Museo D\u00e1maso Arce.<\/p>\n","protected":false},"author":2,"featured_media":12040,"comment_status":"closed","ping_status":"closed","sticky":false,"template":"","format":"standard","meta":{"_jetpack_memberships_contains_paid_content":false,"footnotes":""},"categories":[9,1],"tags":[],"class_list":["post-182949","post","type-post","status-publish","format-standard","has-post-thumbnail","hentry","category-cultura","category-portada"],"jetpack_featured_media_url":"https:\/\/i0.wp.com\/cdnoticias.com\/wp-content\/uploads\/2021\/01\/Museo-Damaso-Arce-1024x678-1024x678.jpg?fit=1024%2C678&ssl=1","jetpack_sharing_enabled":true,"_links":{"self":[{"href":"https:\/\/cdnoticias.com\/index.php\/wp-json\/wp\/v2\/posts\/182949","targetHints":{"allow":["GET"]}}],"collection":[{"href":"https:\/\/cdnoticias.com\/index.php\/wp-json\/wp\/v2\/posts"}],"about":[{"href":"https:\/\/cdnoticias.com\/index.php\/wp-json\/wp\/v2\/types\/post"}],"author":[{"embeddable":true,"href":"https:\/\/cdnoticias.com\/index.php\/wp-json\/wp\/v2\/users\/2"}],"replies":[{"embeddable":true,"href":"https:\/\/cdnoticias.com\/index.php\/wp-json\/wp\/v2\/comments?post=182949"}],"version-history":[{"count":0,"href":"https:\/\/cdnoticias.com\/index.php\/wp-json\/wp\/v2\/posts\/182949\/revisions"}],"wp:featuredmedia":[{"embeddable":true,"href":"https:\/\/cdnoticias.com\/index.php\/wp-json\/wp\/v2\/media\/12040"}],"wp:attachment":[{"href":"https:\/\/cdnoticias.com\/index.php\/wp-json\/wp\/v2\/media?parent=182949"}],"wp:term":[{"taxonomy":"category","embeddable":true,"href":"https:\/\/cdnoticias.com\/index.php\/wp-json\/wp\/v2\/categories?post=182949"},{"taxonomy":"post_tag","embeddable":true,"href":"https:\/\/cdnoticias.com\/index.php\/wp-json\/wp\/v2\/tags?post=182949"}],"curies":[{"name":"wp","href":"https:\/\/api.w.org\/{rel}","templated":true}]}}