{"id":182944,"date":"2025-09-20T12:44:54","date_gmt":"2025-09-20T15:44:54","guid":{"rendered":"https:\/\/cdnoticias.com\/?p=182944"},"modified":"2025-09-20T17:03:11","modified_gmt":"2025-09-20T20:03:11","slug":"ciclista-herido-en-un-choque-en-una-rotonda","status":"publish","type":"post","link":"https:\/\/cdnoticias.com\/index.php\/2025\/09\/20\/ciclista-herido-en-un-choque-en-una-rotonda\/","title":{"rendered":"Ciclista herido en un choque en una rotonda"},"content":{"rendered":"<p>Pasadas las 11.30 de este s\u00e1bado el siniestro vial se dio en Col\u00f3n y Urquiza.<!--more--><\/p>\n<hr \/>\n<p>Un<strong> siniestro vial<\/strong> se registro pasadas las <strong>11.30 de este s\u00e1bado<\/strong> en la ciudad de Olavarr\u00eda.<\/p>\n<p>Se vieron involucrados<strong> un utilitario y una bicicleta<\/strong> en la rotonda de <strong>Col\u00f3n y Urquiza.<\/strong><\/p>\n<p><img data-recalc-dims=\"1\" loading=\"lazy\" decoding=\"async\" class=\"alignnone size-full wp-image-182946 aligncenter\" src=\"https:\/\/i0.wp.com\/cdnoticias.com\/wp-content\/uploads\/2025\/09\/YPF-colon-y-urquiza-choque-02.jpg?resize=800%2C445&#038;ssl=1\" alt=\"\" width=\"800\" height=\"445\" srcset=\"https:\/\/i0.wp.com\/cdnoticias.com\/wp-content\/uploads\/2025\/09\/YPF-colon-y-urquiza-choque-02.jpg?w=1000&amp;ssl=1 1000w, https:\/\/i0.wp.com\/cdnoticias.com\/wp-content\/uploads\/2025\/09\/YPF-colon-y-urquiza-choque-02.jpg?resize=300%2C167&amp;ssl=1 300w, https:\/\/i0.wp.com\/cdnoticias.com\/wp-content\/uploads\/2025\/09\/YPF-colon-y-urquiza-choque-02.jpg?resize=768%2C427&amp;ssl=1 768w, https:\/\/i0.wp.com\/cdnoticias.com\/wp-content\/uploads\/2025\/09\/YPF-colon-y-urquiza-choque-02.jpg?resize=800%2C445&amp;ssl=1 800w\" sizes=\"auto, (max-width: 800px) 100vw, 800px\" \/><\/p>\n<blockquote><p>El ciclista, un hombre de unos 60 a\u00f1os, sufri\u00f3 lesiones por lo que fue trasladado al Hospital Municipal.<\/p><\/blockquote>\n<p>En el lugar se mantuvo la <strong>preservaci\u00f3n de la escena<\/strong> con la labor de<strong> personal policial<\/strong> y all\u00ed trabaj\u00f3 tambi\u00e9n<strong> Polic\u00eda Cient\u00edfica para la realizaci\u00f3n de pericias<\/strong>.<\/p>\n<p><img data-recalc-dims=\"1\" loading=\"lazy\" decoding=\"async\" class=\"alignnone size-full wp-image-182945 aligncenter\" src=\"https:\/\/i0.wp.com\/cdnoticias.com\/wp-content\/uploads\/2025\/09\/YPF-colon-y-urquiza-choque-01.jpg?resize=800%2C445&#038;ssl=1\" alt=\"\" width=\"800\" height=\"445\" srcset=\"https:\/\/i0.wp.com\/cdnoticias.com\/wp-content\/uploads\/2025\/09\/YPF-colon-y-urquiza-choque-01.jpg?w=1000&amp;ssl=1 1000w, https:\/\/i0.wp.com\/cdnoticias.com\/wp-content\/uploads\/2025\/09\/YPF-colon-y-urquiza-choque-01.jpg?resize=300%2C167&amp;ssl=1 300w, https:\/\/i0.wp.com\/cdnoticias.com\/wp-content\/uploads\/2025\/09\/YPF-colon-y-urquiza-choque-01.jpg?resize=768%2C427&amp;ssl=1 768w, https:\/\/i0.wp.com\/cdnoticias.com\/wp-content\/uploads\/2025\/09\/YPF-colon-y-urquiza-choque-01.jpg?resize=800%2C445&amp;ssl=1 800w\" sizes=\"auto, (max-width: 800px) 100vw, 800px\" \/><\/p>\n","protected":false},"excerpt":{"rendered":"<p>Pasadas las 11.30 de este s\u00e1bado el siniestro vial se dio en Col\u00f3n y Urquiza.<\/p>\n","protected":false},"author":2,"featured_media":182947,"comment_status":"closed","ping_status":"closed","sticky":false,"template":"","format":"standard","meta":{"_jetpack_memberships_contains_paid_content":false,"footnotes":""},"categories":[14,1],"tags":[],"class_list":["post-182944","post","type-post","status-publish","format-standard","has-post-thumbnail","hentry","category-policiales","category-portada"],"jetpack_featured_media_url":"https:\/\/i0.wp.com\/cdnoticias.com\/wp-content\/uploads\/2025\/09\/YPF-colon-y-urquiza-choque-00.jpg?fit=1000%2C556&ssl=1","jetpack_sharing_enabled":true,"_links":{"self":[{"href":"https:\/\/cdnoticias.com\/index.php\/wp-json\/wp\/v2\/posts\/182944","targetHints":{"allow":["GET"]}}],"collection":[{"href":"https:\/\/cdnoticias.com\/index.php\/wp-json\/wp\/v2\/posts"}],"about":[{"href":"https:\/\/cdnoticias.com\/index.php\/wp-json\/wp\/v2\/types\/post"}],"author":[{"embeddable":true,"href":"https:\/\/cdnoticias.com\/index.php\/wp-json\/wp\/v2\/users\/2"}],"replies":[{"embeddable":true,"href":"https:\/\/cdnoticias.com\/index.php\/wp-json\/wp\/v2\/comments?post=182944"}],"version-history":[{"count":0,"href":"https:\/\/cdnoticias.com\/index.php\/wp-json\/wp\/v2\/posts\/182944\/revisions"}],"wp:featuredmedia":[{"embeddable":true,"href":"https:\/\/cdnoticias.com\/index.php\/wp-json\/wp\/v2\/media\/182947"}],"wp:attachment":[{"href":"https:\/\/cdnoticias.com\/index.php\/wp-json\/wp\/v2\/media?parent=182944"}],"wp:term":[{"taxonomy":"category","embeddable":true,"href":"https:\/\/cdnoticias.com\/index.php\/wp-json\/wp\/v2\/categories?post=182944"},{"taxonomy":"post_tag","embeddable":true,"href":"https:\/\/cdnoticias.com\/index.php\/wp-json\/wp\/v2\/tags?post=182944"}],"curies":[{"name":"wp","href":"https:\/\/api.w.org\/{rel}","templated":true}]}}