{"id":182922,"date":"2025-09-19T20:20:57","date_gmt":"2025-09-19T23:20:57","guid":{"rendered":"https:\/\/cdnoticias.com\/?p=182922"},"modified":"2025-09-20T10:32:05","modified_gmt":"2025-09-20T13:32:05","slug":"tras-una-estafa-a-un-olavarriense-secuestraron-un-auto-robado-en-henderson","status":"publish","type":"post","link":"https:\/\/cdnoticias.com\/index.php\/2025\/09\/19\/tras-una-estafa-a-un-olavarriense-secuestraron-un-auto-robado-en-henderson\/","title":{"rendered":"Tras una estafa a un olavarriense, secuestraron un auto robado en Henderson"},"content":{"rendered":"\n<p>En el marco de una operaci\u00f3n comercial, un hombre fue estafado con un veh\u00edculo robado en 2023 en Quilmes. Tras el trabajo de la SubDDI de Bol\u00edvar, lograron encontrar al responsable.<\/p>\n\n\n\n<hr class=\"wp-block-separator aligncenter has-alpha-channel-opacity\"\/>\n\n\n\n<p>Un allanamiento realizado en Henderson permiti\u00f3 la <strong>recuperaci\u00f3n de un autom\u00f3vil robado y la detenci\u00f3n de un hombre acusado de estafa y uso de documentaci\u00f3n falsa.<\/strong><\/p>\n\n\n\n<p>El procedimiento se inici\u00f3 a partir de una denuncia de <strong>un vecino de Olavarr\u00eda que, en el marco de una operaci\u00f3n comercial, hab\u00eda entregado su Peugeot 307 a cambio de una Chevrolet Spin. Con el tiempo se constat\u00f3 que este veh\u00edculo pose\u00eda patente y documentaci\u00f3n ap\u00f3crifa, ya que hab\u00eda sido robado en febrero de 2023 en Quilmes.<\/strong><\/p>\n\n\n\n<figure class=\"wp-block-image size-large\"><img data-recalc-dims=\"1\" loading=\"lazy\" decoding=\"async\" width=\"800\" height=\"450\" src=\"https:\/\/i0.wp.com\/cdnoticias.com\/wp-content\/uploads\/2025\/09\/WhatsApp-Image-2025-09-19-at-15.54.29.jpeg?resize=800%2C450&#038;ssl=1\" alt=\"\" class=\"wp-image-182924\" srcset=\"https:\/\/i0.wp.com\/cdnoticias.com\/wp-content\/uploads\/2025\/09\/WhatsApp-Image-2025-09-19-at-15.54.29.jpeg?resize=1024%2C576&amp;ssl=1 1024w, https:\/\/i0.wp.com\/cdnoticias.com\/wp-content\/uploads\/2025\/09\/WhatsApp-Image-2025-09-19-at-15.54.29.jpeg?resize=300%2C169&amp;ssl=1 300w, https:\/\/i0.wp.com\/cdnoticias.com\/wp-content\/uploads\/2025\/09\/WhatsApp-Image-2025-09-19-at-15.54.29.jpeg?resize=768%2C432&amp;ssl=1 768w, https:\/\/i0.wp.com\/cdnoticias.com\/wp-content\/uploads\/2025\/09\/WhatsApp-Image-2025-09-19-at-15.54.29.jpeg?resize=1536%2C864&amp;ssl=1 1536w, https:\/\/i0.wp.com\/cdnoticias.com\/wp-content\/uploads\/2025\/09\/WhatsApp-Image-2025-09-19-at-15.54.29.jpeg?w=1600&amp;ssl=1 1600w\" sizes=\"auto, (max-width: 800px) 100vw, 800px\" \/><\/figure>\n\n\n\n<p><strong>La causa qued\u00f3 a cargo de la Fiscal\u00eda de Bol\u00edvar, dado que el intercambio se realiz\u00f3 en la playa de estacionamiento de una estaci\u00f3n de servicio sobre la Ruta 226. <\/strong>En la investigaci\u00f3n, la SUBDDI Bol\u00edvar reuni\u00f3 registros f\u00edlmicos, informaci\u00f3n telef\u00f3nica y diversas tareas de campo, con colaboraci\u00f3n de la DDI Trenque Lauquen con asiento en Henderson y de la Polic\u00eda de Seguridad local. De esa forma se identific\u00f3 al responsable del hecho, el lugar donde estaba el veh\u00edculo y los detalles de la operaci\u00f3n.<\/p>\n\n\n\n<blockquote class=\"wp-block-quote is-layout-flow wp-block-quote-is-layout-flow\">\n<p>Con esas pruebas, la Fiscal\u00eda solicit\u00f3 \u00f3rdenes judiciales por los delitos de estafa, utilizaci\u00f3n de documento p\u00fablico falso y alteraci\u00f3n de numeraci\u00f3n registral (art\u00edculos 172, 292 p\u00e1rrafo segundo y 289 inciso 3 del C\u00f3digo Penal), en concurso real.<\/p>\n<\/blockquote>\n\n\n\n<p>El operativo se concret\u00f3 en la ma\u00f1ana del pasado mi\u00e9rcoles<strong> e incluy\u00f3 dos allanamientos. En ellos se secuestr\u00f3 el rodado \u2014que ya no ten\u00eda el ploteado que luc\u00eda originalmente\u2014, documentaci\u00f3n, tel\u00e9fonos celulares y se produjo la detenci\u00f3n de Exequiel Javier Canepare, imputado en la investigaci\u00f3n.<\/strong><\/p>\n\n\n\n<figure class=\"wp-block-image size-large\"><img data-recalc-dims=\"1\" loading=\"lazy\" decoding=\"async\" width=\"768\" height=\"1024\" src=\"https:\/\/i0.wp.com\/cdnoticias.com\/wp-content\/uploads\/2025\/09\/WhatsApp-Image-2025-09-19-at-15.54.29-1.jpeg?resize=768%2C1024&#038;ssl=1\" alt=\"\" class=\"wp-image-182925\" srcset=\"https:\/\/i0.wp.com\/cdnoticias.com\/wp-content\/uploads\/2025\/09\/WhatsApp-Image-2025-09-19-at-15.54.29-1.jpeg?resize=768%2C1024&amp;ssl=1 768w, https:\/\/i0.wp.com\/cdnoticias.com\/wp-content\/uploads\/2025\/09\/WhatsApp-Image-2025-09-19-at-15.54.29-1.jpeg?resize=225%2C300&amp;ssl=1 225w, https:\/\/i0.wp.com\/cdnoticias.com\/wp-content\/uploads\/2025\/09\/WhatsApp-Image-2025-09-19-at-15.54.29-1.jpeg?resize=1152%2C1536&amp;ssl=1 1152w, https:\/\/i0.wp.com\/cdnoticias.com\/wp-content\/uploads\/2025\/09\/WhatsApp-Image-2025-09-19-at-15.54.29-1.jpeg?w=1200&amp;ssl=1 1200w\" sizes=\"auto, (max-width: 768px) 100vw, 768px\" \/><\/figure>\n\n\n\n<p>El detenido fue trasladado a la sede de la<strong> SUBDDI Bol\u00edvar para ser indagado por la Justicia y quedar\u00e1 alojado a la espera de su reubicaci\u00f3n en el Servicio Penitenciario.<\/strong><\/p>\n","protected":false},"excerpt":{"rendered":"<p>En el marco de una operaci\u00f3n comercial, un hombre fue estafado con un veh\u00edculo robado en 2023 en Quilmes. Tras<\/p>\n","protected":false},"author":2,"featured_media":182923,"comment_status":"closed","ping_status":"closed","sticky":false,"template":"","format":"standard","meta":{"_jetpack_memberships_contains_paid_content":false,"footnotes":""},"categories":[14,1],"tags":[],"class_list":["post-182922","post","type-post","status-publish","format-standard","has-post-thumbnail","hentry","category-policiales","category-portada"],"jetpack_featured_media_url":"https:\/\/i0.wp.com\/cdnoticias.com\/wp-content\/uploads\/2025\/09\/WhatsApp-Image-2025-09-19-at-15.54.28.jpeg?fit=1600%2C900&ssl=1","jetpack_sharing_enabled":true,"_links":{"self":[{"href":"https:\/\/cdnoticias.com\/index.php\/wp-json\/wp\/v2\/posts\/182922","targetHints":{"allow":["GET"]}}],"collection":[{"href":"https:\/\/cdnoticias.com\/index.php\/wp-json\/wp\/v2\/posts"}],"about":[{"href":"https:\/\/cdnoticias.com\/index.php\/wp-json\/wp\/v2\/types\/post"}],"author":[{"embeddable":true,"href":"https:\/\/cdnoticias.com\/index.php\/wp-json\/wp\/v2\/users\/2"}],"replies":[{"embeddable":true,"href":"https:\/\/cdnoticias.com\/index.php\/wp-json\/wp\/v2\/comments?post=182922"}],"version-history":[{"count":0,"href":"https:\/\/cdnoticias.com\/index.php\/wp-json\/wp\/v2\/posts\/182922\/revisions"}],"wp:featuredmedia":[{"embeddable":true,"href":"https:\/\/cdnoticias.com\/index.php\/wp-json\/wp\/v2\/media\/182923"}],"wp:attachment":[{"href":"https:\/\/cdnoticias.com\/index.php\/wp-json\/wp\/v2\/media?parent=182922"}],"wp:term":[{"taxonomy":"category","embeddable":true,"href":"https:\/\/cdnoticias.com\/index.php\/wp-json\/wp\/v2\/categories?post=182922"},{"taxonomy":"post_tag","embeddable":true,"href":"https:\/\/cdnoticias.com\/index.php\/wp-json\/wp\/v2\/tags?post=182922"}],"curies":[{"name":"wp","href":"https:\/\/api.w.org\/{rel}","templated":true}]}}