{"id":182918,"date":"2025-09-19T20:08:00","date_gmt":"2025-09-19T23:08:00","guid":{"rendered":"https:\/\/cdnoticias.com\/?p=182918"},"modified":"2025-09-19T20:08:01","modified_gmt":"2025-09-19T23:08:01","slug":"federico-chingotto-fue-declarado-personalidad-destacada-del-deporte-de-la-provincia-de-buenos-aires","status":"publish","type":"post","link":"https:\/\/cdnoticias.com\/index.php\/2025\/09\/19\/federico-chingotto-fue-declarado-personalidad-destacada-del-deporte-de-la-provincia-de-buenos-aires\/","title":{"rendered":"Federico Chingotto fue declarado Personalidad Destacada del Deporte de la Provincia de Buenos Aires"},"content":{"rendered":"\n<p>Fue tras una aprobaci\u00f3n en la Legislatura Bonaerense de un proyecto presentado por el senador Eduardo \u201cBali\u201d Bucca. Es un reconocimiento hist\u00f3rico para el padel argentino y olavarriense.<\/p>\n\n\n\n<hr class=\"wp-block-separator aligncenter has-alpha-channel-opacity\"\/>\n\n\n\n<p><strong>La Legislatura bonaerense convirti\u00f3 en Ley el proyecto impulsado por el senador provincial Eduardo \u201cBali\u201d Bucca para declarar al jugador profesional de p\u00e1del Federico Chingotto como Personalidad Destacada del Deporte.<\/strong> La iniciativa, que ya hab\u00eda obtenido la aprobaci\u00f3n en la C\u00e1mara de Senadores, fue sancionada en Diputados y<strong> consagr\u00f3 un reconocimiento hist\u00f3rico tanto para el padel argentino como para nuestra ciudad, Olavarr\u00eda, de donde es oriundo el \u201cs\u00faper rat\u00f3n\u201d.<\/strong><\/p>\n\n\n\n<p>Bucca, autor del proyecto, destac\u00f3 que con esta Ley <em>\u201cno solo reconocemos a Fede, sino tambi\u00e9n el crecimiento que est\u00e1 teniendo el p\u00e1del en toda la provincia. Es un deporte que hoy vemos multiplicarse en canchas, clubes y escuelas, y que tiene el enorme desaf\u00edo de llegar a ser ol\u00edmpico en los pr\u00f3ximos a\u00f1os\u201d<\/em>. En ese sentido, agreg\u00f3: <em><strong>\u201cAcompa\u00f1ar a nuestros deportistas es tambi\u00e9n fortalecer ese camino. Lo vemos tambi\u00e9n en Bol\u00edvar, que durante estas semanas por ejemplo, se est\u00e1 jugando la fecha provincial de p\u00e1del en nuestra ciudad\u201d.<\/strong><\/em><\/p>\n\n\n\n<figure class=\"wp-block-image size-large\"><img data-recalc-dims=\"1\" loading=\"lazy\" decoding=\"async\" width=\"800\" height=\"530\" src=\"https:\/\/i0.wp.com\/cdnoticias.com\/wp-content\/uploads\/2025\/09\/WhatsApp-Image-2025-09-19-at-15.42.08-1.jpeg?resize=800%2C530&#038;ssl=1\" alt=\"\" class=\"wp-image-182920\" srcset=\"https:\/\/i0.wp.com\/cdnoticias.com\/wp-content\/uploads\/2025\/09\/WhatsApp-Image-2025-09-19-at-15.42.08-1.jpeg?resize=1024%2C679&amp;ssl=1 1024w, https:\/\/i0.wp.com\/cdnoticias.com\/wp-content\/uploads\/2025\/09\/WhatsApp-Image-2025-09-19-at-15.42.08-1.jpeg?resize=300%2C199&amp;ssl=1 300w, https:\/\/i0.wp.com\/cdnoticias.com\/wp-content\/uploads\/2025\/09\/WhatsApp-Image-2025-09-19-at-15.42.08-1.jpeg?resize=768%2C509&amp;ssl=1 768w, https:\/\/i0.wp.com\/cdnoticias.com\/wp-content\/uploads\/2025\/09\/WhatsApp-Image-2025-09-19-at-15.42.08-1.jpeg?resize=1536%2C1019&amp;ssl=1 1536w, https:\/\/i0.wp.com\/cdnoticias.com\/wp-content\/uploads\/2025\/09\/WhatsApp-Image-2025-09-19-at-15.42.08-1.jpeg?w=1600&amp;ssl=1 1600w\" sizes=\"auto, (max-width: 800px) 100vw, 800px\" \/><\/figure>\n\n\n\n<p>Durante el tratamiento en comisiones, el propio Chingotto particip\u00f3 de manera virtual desde Espa\u00f1a, donde compite en el circuito internacional, y transmiti\u00f3 su emoci\u00f3n por el reconocimiento. <em><strong>\u201cMi sue\u00f1o era estar en la elite del p\u00e1del mundial. Vengo de una familia humilde y nos cost\u00f3 much\u00edsimo llegar. Cada entrenamiento y cada partido son una forma de devolver ese esfuerzo y sacrificio. Este reconocimiento es un orgullo enorme para m\u00ed y para mi ciudad\u201d,<\/strong><\/em> expres\u00f3 el jugador.<\/p>\n\n\n\n<blockquote class=\"wp-block-quote is-layout-flow wp-block-quote-is-layout-flow\">\n<p>A sus 28 a\u00f1os, Chingotto alcanz\u00f3 la pareja n\u00famero 2 del mundo en el ranking Premier P\u00e1del, consolid\u00e1ndose como una de las grandes figuras del circuito internacional. Su estilo de juego, la garra que demuestra en cada partido y sus valores personales lo transformaron en un referente admirado tanto por colegas como por los aficionados.<\/p>\n<\/blockquote>\n\n\n\n<p><em><strong>\u201cFederico Chingotto no es s\u00f3lo un gran profesional, es una excelente persona, reconocida por todos por sus valores humanos. Nos llena de orgullo que un bonaerense de Olavarr\u00eda est\u00e9 hoy en la elite del p\u00e1del mundial y represente de la mejor manera a nuestra provincia. Con esta Ley, la Provincia de Buenos Aires reconoce ese recorrido y lo celebra\u201d, <\/strong><\/em>se\u00f1al\u00f3 Bucca al t\u00e9rmino de la votaci\u00f3n.<\/p>\n","protected":false},"excerpt":{"rendered":"<p>Fue tras una aprobaci\u00f3n en la Legislatura Bonaerense de un proyecto presentado por el senador Eduardo \u201cBali\u201d Bucca. Es un<\/p>\n","protected":false},"author":2,"featured_media":182919,"comment_status":"closed","ping_status":"closed","sticky":false,"template":"","format":"standard","meta":{"_jetpack_memberships_contains_paid_content":false,"footnotes":""},"categories":[29,1,55],"tags":[],"class_list":["post-182918","post","type-post","status-publish","format-standard","has-post-thumbnail","hentry","category-deportes","category-portada","category-tenis-padel"],"jetpack_featured_media_url":"https:\/\/i0.wp.com\/cdnoticias.com\/wp-content\/uploads\/2025\/09\/WhatsApp-Image-2025-09-19-at-15.42.08.jpeg?fit=1600%2C1066&ssl=1","jetpack_sharing_enabled":true,"_links":{"self":[{"href":"https:\/\/cdnoticias.com\/index.php\/wp-json\/wp\/v2\/posts\/182918","targetHints":{"allow":["GET"]}}],"collection":[{"href":"https:\/\/cdnoticias.com\/index.php\/wp-json\/wp\/v2\/posts"}],"about":[{"href":"https:\/\/cdnoticias.com\/index.php\/wp-json\/wp\/v2\/types\/post"}],"author":[{"embeddable":true,"href":"https:\/\/cdnoticias.com\/index.php\/wp-json\/wp\/v2\/users\/2"}],"replies":[{"embeddable":true,"href":"https:\/\/cdnoticias.com\/index.php\/wp-json\/wp\/v2\/comments?post=182918"}],"version-history":[{"count":0,"href":"https:\/\/cdnoticias.com\/index.php\/wp-json\/wp\/v2\/posts\/182918\/revisions"}],"wp:featuredmedia":[{"embeddable":true,"href":"https:\/\/cdnoticias.com\/index.php\/wp-json\/wp\/v2\/media\/182919"}],"wp:attachment":[{"href":"https:\/\/cdnoticias.com\/index.php\/wp-json\/wp\/v2\/media?parent=182918"}],"wp:term":[{"taxonomy":"category","embeddable":true,"href":"https:\/\/cdnoticias.com\/index.php\/wp-json\/wp\/v2\/categories?post=182918"},{"taxonomy":"post_tag","embeddable":true,"href":"https:\/\/cdnoticias.com\/index.php\/wp-json\/wp\/v2\/tags?post=182918"}],"curies":[{"name":"wp","href":"https:\/\/api.w.org\/{rel}","templated":true}]}}