{"id":182909,"date":"2025-09-19T19:31:46","date_gmt":"2025-09-19T22:31:46","guid":{"rendered":"https:\/\/cdnoticias.com\/?p=182909"},"modified":"2025-09-20T10:05:42","modified_gmt":"2025-09-20T13:05:42","slug":"actualizan-a-naranja-el-alerta-por-tormentas-para-olavarria","status":"publish","type":"post","link":"https:\/\/cdnoticias.com\/index.php\/2025\/09\/19\/actualizan-a-naranja-el-alerta-por-tormentas-para-olavarria\/","title":{"rendered":"Actualizan a naranja el alerta por tormentas para Olavarr\u00eda"},"content":{"rendered":"\n<p>Rige para el s\u00e1bado por la tarde, mientras que se mantiene un alerta amarilla por tormentas para la ma\u00f1ana.<\/p>\n\n\n\n<hr class=\"wp-block-separator aligncenter has-alpha-channel-opacity\"\/>\n\n\n\n<p>Este viernes por la tarde, <strong>el Servicio Meteorol\u00f3gico Nacional actualiz\u00f3 la situaci\u00f3n climatol\u00f3gica y anunci\u00f3 un alerta naranja por fuertes tormentas para el s\u00e1bado por la tarde.<\/strong><\/p>\n\n\n\n<p>Para el s\u00e1bado por la ma\u00f1ana se mantiene el alerta amarilla: all\u00ed, <em>\u201cel \u00e1rea ser\u00e1 afectada tormentas de variada intensidad, algunas localmente fuertes. Las mismas podr\u00edan estar acompa\u00f1adas por abundantes lluvias, actividad el\u00e9ctrica frecuente, granizo y r\u00e1fagas de hasta 70 km\/h. Se prev\u00e9n valores de precipitaci\u00f3n acumulada entre 20 y 60 mm, pudiendo ser superados en forma puntual\u201d.<\/em><\/p>\n\n\n\n<blockquote class=\"wp-block-quote is-layout-flow wp-block-quote-is-layout-flow\">\n<p>Este alerta, que incluye a Olavarr\u00eda, Laprida y La Madrid entre otras ciudades de la regi\u00f3n, eleva al nivel naranja por \u201ctormentas fuertes o severas\u201d.<\/p>\n<\/blockquote>\n\n\n\n<p><em><strong>\u201cLas mismas estar\u00e1n acompa\u00f1adas por abundantes lluvias, actividad el\u00e9ctrica frecuente, granizo y r\u00e1fagas de hasta 90 km\/h. Se prev\u00e9n valores de precipitaci\u00f3n acumulada entre 40 y 80 mm, pudiendo ser superados en forma puntual\u201d.<\/strong><\/em><\/p>\n\n\n\n<p>Adem\u00e1s, <strong>se estiman fuertes vientos del sur suroeste que alcanzar\u00edan r\u00e1fagas de 60 kil\u00f3metros por hora, situaci\u00f3n que se mantendr\u00e1 hasta el domingo, con una baja probabilidad de lluvias el domingo por la madrugada y sin estimaciones<\/strong> <strong>de precipitaciones<\/strong> durante la jornada, aunque con un descenso de la temperatura que tendr\u00e1 m\u00e1ximas de 15 grados.<\/p>\n\n\n\n<p><\/p>\n","protected":false},"excerpt":{"rendered":"<p>Rige para el s\u00e1bado por la tarde, mientras que se mantiene un alerta amarilla por tormentas para la ma\u00f1ana. Este<\/p>\n","protected":false},"author":2,"featured_media":111669,"comment_status":"closed","ping_status":"closed","sticky":false,"template":"","format":"standard","meta":{"_jetpack_memberships_contains_paid_content":false,"footnotes":""},"categories":[5,1],"tags":[],"class_list":["post-182909","post","type-post","status-publish","format-standard","has-post-thumbnail","hentry","category-informacion-general","category-portada"],"jetpack_featured_media_url":"https:\/\/i0.wp.com\/cdnoticias.com\/wp-content\/uploads\/2024\/03\/alerta-tormenta-lluvia-olavarria-scaled.jpg?fit=2560%2C1424&ssl=1","jetpack_sharing_enabled":true,"_links":{"self":[{"href":"https:\/\/cdnoticias.com\/index.php\/wp-json\/wp\/v2\/posts\/182909","targetHints":{"allow":["GET"]}}],"collection":[{"href":"https:\/\/cdnoticias.com\/index.php\/wp-json\/wp\/v2\/posts"}],"about":[{"href":"https:\/\/cdnoticias.com\/index.php\/wp-json\/wp\/v2\/types\/post"}],"author":[{"embeddable":true,"href":"https:\/\/cdnoticias.com\/index.php\/wp-json\/wp\/v2\/users\/2"}],"replies":[{"embeddable":true,"href":"https:\/\/cdnoticias.com\/index.php\/wp-json\/wp\/v2\/comments?post=182909"}],"version-history":[{"count":0,"href":"https:\/\/cdnoticias.com\/index.php\/wp-json\/wp\/v2\/posts\/182909\/revisions"}],"wp:featuredmedia":[{"embeddable":true,"href":"https:\/\/cdnoticias.com\/index.php\/wp-json\/wp\/v2\/media\/111669"}],"wp:attachment":[{"href":"https:\/\/cdnoticias.com\/index.php\/wp-json\/wp\/v2\/media?parent=182909"}],"wp:term":[{"taxonomy":"category","embeddable":true,"href":"https:\/\/cdnoticias.com\/index.php\/wp-json\/wp\/v2\/categories?post=182909"},{"taxonomy":"post_tag","embeddable":true,"href":"https:\/\/cdnoticias.com\/index.php\/wp-json\/wp\/v2\/tags?post=182909"}],"curies":[{"name":"wp","href":"https:\/\/api.w.org\/{rel}","templated":true}]}}