{"id":182889,"date":"2025-09-20T10:15:29","date_gmt":"2025-09-20T13:15:29","guid":{"rendered":"https:\/\/cdnoticias.com\/?p=182889"},"modified":"2025-09-20T12:45:25","modified_gmt":"2025-09-20T15:45:25","slug":"los-valores-de-las-tasas-municipales-tras-el-decreto-de-la-segunda-suba-del-ano","status":"publish","type":"post","link":"https:\/\/cdnoticias.com\/index.php\/2025\/09\/20\/los-valores-de-las-tasas-municipales-tras-el-decreto-de-la-segunda-suba-del-ano\/","title":{"rendered":"Los valores de las tasas municipales tras el decreto de la segunda suba del a\u00f1o"},"content":{"rendered":"<p>A lo largo de 2025 las tasas aumentaron 35,28%. Un cambio en la temporalidad del c\u00e1lculo. Los valores en Servicios Urbanos, Protecci\u00f3n Ciudadana, Servicios Rurales y Seguridad e Higiene.<!--more--><\/p>\n<hr \/>\n<p>El Municipio dio a conocer el <strong><a href=\"https:\/\/cdnoticias.com\/index.php\/2025\/09\/18\/despues-de-las-elecciones-el-municipio-aumento-las-tasas-y-derechos\/\" target=\"_blank\" rel=\"noopener\">decreto 5.510\/25<\/a> a trav\u00e9s del que el Ejecutivo municipal dispuso el aumento de tasas y derechos<\/strong> en 14,15%. <strong>Central de Noticias<\/strong> accedi\u00f3 al detalle de la normativa con los <strong>nuevos valores<\/strong> que tendr\u00e1n que abonar los contribuyentes de m\u00e1s de una decena de tributos locales sobre los cuales se dispusieron modificaciones.<\/p>\n<p>Cabe recordar que <strong>la suba rige desde el 1\u00ba de septiembre<\/strong>. Se dispuso que el retroactivo correspondiente a este mes ser\u00e1 liquidado en dos cuotas durante los meses de octubre y noviembre.<\/p>\n<p>El decreto municipal aplica el <strong>segundo incremento del a\u00f1o<\/strong> para las tasas y derechos. El <a href=\"https:\/\/cdnoticias.com\/index.php\/2025\/01\/22\/como-quedaron-los-valores-de-las-tasas-municipales-tras-el-decreto-de-suba\/\" target=\"_blank\" rel=\"noopener\">primero se hab\u00eda dictado en enero y fue de 21,13%<\/a> calculado sobre el \u00cdndice de Precios al Consumidor del semestre julio-diciembre 2024 medido por Indec. Este segundo decreto tiene una particularidad: <strong>el porcentaje de aumento se calcul\u00f3 sobre los meses marzo-agosto de 2025 con lo que sum\u00f3 14,15%.<\/strong><\/p>\n<p>En este cambio de la temporalidad del c\u00e1lculo, <strong>los \u00edndices de los meses de enero y febrero -2,2% y 2,4% respectivamente- quedaron fuera<\/strong> de la actualizaci\u00f3n.<\/p>\n<blockquote>\n<p>Con los aumentos dictados durante este a\u00f1o, las tasas y derechos municipales tendr\u00e1n un incremento total de 35,28%. En contraste, la inflaci\u00f3n medida por el Indec suma 19,5% en los <a href=\"https:\/\/www.indec.gob.ar\/uploads\/informesdeprensa\/ipc_09_25ECDE933AE3.pdf\" target=\"_blank\" rel=\"noopener\">primeros ocho meses del a\u00f1o<\/a>.<\/p>\n<\/blockquote>\n<p><img data-recalc-dims=\"1\" loading=\"lazy\" decoding=\"async\" class=\"alignnone size-large wp-image-182890 aligncenter\" src=\"https:\/\/i0.wp.com\/cdnoticias.com\/wp-content\/uploads\/2025\/09\/tasas-septiembre-2025-1.jpg?resize=800%2C800&#038;ssl=1\" alt=\"\" width=\"800\" height=\"800\" srcset=\"https:\/\/i0.wp.com\/cdnoticias.com\/wp-content\/uploads\/2025\/09\/tasas-septiembre-2025-1.jpg?resize=1024%2C1024&amp;ssl=1 1024w, https:\/\/i0.wp.com\/cdnoticias.com\/wp-content\/uploads\/2025\/09\/tasas-septiembre-2025-1.jpg?resize=300%2C300&amp;ssl=1 300w, https:\/\/i0.wp.com\/cdnoticias.com\/wp-content\/uploads\/2025\/09\/tasas-septiembre-2025-1.jpg?resize=150%2C150&amp;ssl=1 150w, https:\/\/i0.wp.com\/cdnoticias.com\/wp-content\/uploads\/2025\/09\/tasas-septiembre-2025-1.jpg?resize=768%2C768&amp;ssl=1 768w, https:\/\/i0.wp.com\/cdnoticias.com\/wp-content\/uploads\/2025\/09\/tasas-septiembre-2025-1.jpg?w=1080&amp;ssl=1 1080w\" sizes=\"auto, (max-width: 800px) 100vw, 800px\" \/><\/p>\n<h3>Los valores de Servicios Urbanos<\/h3>\n<p>La principal tasa que se ve modificada, por su alcance, es la <strong>Tasa de Servicios Urbanos y Suburbanos.<\/strong><\/p>\n<p>Los contribuyentes de la<strong> categor\u00eda 1, titulares de terrenos bald\u00edos<\/strong>, pasar\u00e1n a pagar <strong>37.446 pesos<\/strong>. Hasta agosto abonaban 32.805 pesos.<\/p>\n<p>Los contribuyentes de la<strong> categor\u00eda 2 son los titulares de inmuebles<\/strong> y abonan por zona. La<strong> zona 1<\/strong>, del microcentro, pasar\u00e1 a pagar <strong>34.259 pesos<\/strong> desde los 30.013 pesos que abonaban hasta ahora.<\/p>\n<p>Para la<strong> zona 2<\/strong>, del centro de la ciudad, aument\u00f3 a<strong> 28.752 pesos mensuales<\/strong>. El valor fijado hasta agosto fue de 25.188 pesos.<\/p>\n<p>Los contribuyentes de<strong> zona 3<\/strong>, los ubicados en los barrios San Vicente, Mariano Moreno, Roca Merlo, Pueblo Nuevo y Luj\u00e1n, abonar\u00e1n <strong>22.898 pesos<\/strong>. El valor hab\u00eda sido de 20.060 pesos.<\/p>\n<p>En tanto, en la <strong>zona 4 A<\/strong> -los inmuebles ubicados en el anillo que rodea los barrios antes mencionados y est\u00e1n ubicados sobre calles asfaltadas- el importe a abonar ser\u00e1 de <strong>19.860 pesos mensuales<\/strong> desde este mes mientras que hasta agosto pagaban 17.399 pesos.<\/p>\n<p>En la<strong> zona 4 B<\/strong> \u2013es el mismo sector, pero refiere a inmuebles ubicados en calles sin asfaltar- la suba impositiva lleva la tasa a <strong>14.355 pesos<\/strong>. Antes del aumento se pagaban 12.576 pesos.<\/p>\n<p>Los titulares de inmuebles en las<strong> localidades<\/strong> repetir\u00e1n dichos valores: los ubicados sobre <strong>calles asfaltadas (zona 5)<\/strong> pagar\u00e1n <strong>19.860 pesos<\/strong>. La <strong>zona 6<\/strong> tendr\u00e1 que pagar<strong> 14.355 pesos.<\/strong><\/p>\n<p>En tanto, la <strong>categor\u00eda 3<\/strong>, las cocheras, tendr\u00e1n como nuevo valor <strong>6.072 pesos<\/strong> desde octubre por mes. Hasta septiembre se pagaban 5.320 pesos.<\/p>\n<p>Por \u00faltimo, los <strong>inmuebles y bald\u00edos con destino industrial<\/strong> que conforman la <strong>categor\u00eda 4<\/strong> deber\u00e1n erogar en octubre <strong>13.733 pesos<\/strong>. Antes del aumento el valor era de 12.031 pesos mensuales.<\/p>\n<p>En todos los casos, se suma la <strong>Tasa de Protecci\u00f3n Ciudadana y Defensa Civil que representa 10% d<\/strong>e lo que se paga por Servicios Urbanos y que se incluye en la misma factura. En consecuencia, tuvo un aumento proporcional.<\/p>\n<p><img data-recalc-dims=\"1\" loading=\"lazy\" decoding=\"async\" class=\"alignnone size-large wp-image-182891 aligncenter\" src=\"https:\/\/i0.wp.com\/cdnoticias.com\/wp-content\/uploads\/2025\/09\/tasas-septiembre-2025-2.jpg?resize=800%2C800&#038;ssl=1\" alt=\"\" width=\"800\" height=\"800\" srcset=\"https:\/\/i0.wp.com\/cdnoticias.com\/wp-content\/uploads\/2025\/09\/tasas-septiembre-2025-2.jpg?resize=1024%2C1024&amp;ssl=1 1024w, https:\/\/i0.wp.com\/cdnoticias.com\/wp-content\/uploads\/2025\/09\/tasas-septiembre-2025-2.jpg?resize=300%2C300&amp;ssl=1 300w, https:\/\/i0.wp.com\/cdnoticias.com\/wp-content\/uploads\/2025\/09\/tasas-septiembre-2025-2.jpg?resize=150%2C150&amp;ssl=1 150w, https:\/\/i0.wp.com\/cdnoticias.com\/wp-content\/uploads\/2025\/09\/tasas-septiembre-2025-2.jpg?resize=768%2C768&amp;ssl=1 768w, https:\/\/i0.wp.com\/cdnoticias.com\/wp-content\/uploads\/2025\/09\/tasas-septiembre-2025-2.jpg?w=1080&amp;ssl=1 1080w\" sizes=\"auto, (max-width: 800px) 100vw, 800px\" \/><\/p>\n<h3>M\u00e1s tasas<\/h3>\n<p>La<strong> Tasa de Servicios Rurales<\/strong> tambi\u00e9n tuvo incremento. Los contribuyentes de la categor\u00eda de <strong>hasta 400 hect\u00e1reas<\/strong> pagar\u00e1n<strong> 395,79 pesos.<\/strong><\/p>\n<p>Para quienes tienen<strong> m\u00e1s de 400 hect\u00e1reas<\/strong> el abono ascendi\u00f3 a<strong> 488,81 pesos.<\/strong><\/p>\n<p>Para los contribuyentes de la<strong> Tasa de Seguridad e Higiene<\/strong>, el pago <strong>m\u00ednimo mensual subi\u00f3 a 14.053 pesos.<\/strong><\/p>\n<p>Quienes abonan el m\u00ednimo de patentes de rodados, el importe se modific\u00f3 a 13.561 pesos.<\/p>\n<p>La<strong> Tasa de Homologaci\u00f3n de Acuerdos de OMIC<\/strong> qued\u00f3 en 24.103 pesos.<\/p>\n<p>La<strong> Tasa de disposici\u00f3n final de residuos verdes, voluminosos e inertes<\/strong> tambi\u00e9n tuvo aumento. Para los contenedores de 5 m3 qued\u00f3 14.144 pesos y para los contenedores de 1,5 m3 subi\u00f3 a 4.277 pesos.<\/p>\n<p>En el mismo decreto municipal se dispusieron aumentos al<em> derecho de uso de espacio p\u00fablico, instalaci\u00f3n de parques de diversiones, Tasa de Gu\u00edas, Marcas y Se\u00f1ales; uso de espacio publicitario, Instalaci\u00f3n de Antenas, y al valor de los an\u00e1lisis y habilitaciones de Bromatolog\u00eda.<\/em><\/p>\n<p><blockquote class=\"wp-embedded-content\" data-secret=\"kbuRd6tRRM\"><a href=\"https:\/\/cdnoticias.com\/index.php\/2025\/09\/18\/despues-de-las-elecciones-el-municipio-aumento-las-tasas-y-derechos\/\">Despu\u00e9s de las elecciones, el Municipio aument\u00f3 las tasas y derechos<\/a><\/blockquote><iframe loading=\"lazy\" class=\"wp-embedded-content\" sandbox=\"allow-scripts\" security=\"restricted\" style=\"position: absolute; visibility: hidden;\" title=\"&#8220;Despu\u00e9s de las elecciones, el Municipio aument\u00f3 las tasas y derechos&#8221; &#8212; Central de Noticias | Olavarr\u00eda\" src=\"https:\/\/cdnoticias.com\/index.php\/2025\/09\/18\/despues-de-las-elecciones-el-municipio-aumento-las-tasas-y-derechos\/embed\/#?secret=1PgFBB2STD#?secret=kbuRd6tRRM\" data-secret=\"kbuRd6tRRM\" width=\"600\" height=\"338\" frameborder=\"0\" marginwidth=\"0\" marginheight=\"0\" scrolling=\"no\"><\/iframe><\/p>\n\n\n<p><\/p>\n","protected":false},"excerpt":{"rendered":"<p>A lo largo de 2025 las tasas aumentaron 35,28%. Un cambio en la temporalidad del c\u00e1lculo. Los valores en Servicios<\/p>\n","protected":false},"author":4,"featured_media":118735,"comment_status":"closed","ping_status":"closed","sticky":false,"template":"","format":"standard","meta":{"_jetpack_memberships_contains_paid_content":false,"footnotes":""},"categories":[5,1],"tags":[],"class_list":["post-182889","post","type-post","status-publish","format-standard","has-post-thumbnail","hentry","category-informacion-general","category-portada"],"jetpack_featured_media_url":"https:\/\/i0.wp.com\/cdnoticias.com\/wp-content\/uploads\/2024\/06\/olavarria-ciudad-clima-nublado-00.jpg?fit=1000%2C563&ssl=1","jetpack_sharing_enabled":true,"_links":{"self":[{"href":"https:\/\/cdnoticias.com\/index.php\/wp-json\/wp\/v2\/posts\/182889","targetHints":{"allow":["GET"]}}],"collection":[{"href":"https:\/\/cdnoticias.com\/index.php\/wp-json\/wp\/v2\/posts"}],"about":[{"href":"https:\/\/cdnoticias.com\/index.php\/wp-json\/wp\/v2\/types\/post"}],"author":[{"embeddable":true,"href":"https:\/\/cdnoticias.com\/index.php\/wp-json\/wp\/v2\/users\/4"}],"replies":[{"embeddable":true,"href":"https:\/\/cdnoticias.com\/index.php\/wp-json\/wp\/v2\/comments?post=182889"}],"version-history":[{"count":0,"href":"https:\/\/cdnoticias.com\/index.php\/wp-json\/wp\/v2\/posts\/182889\/revisions"}],"wp:featuredmedia":[{"embeddable":true,"href":"https:\/\/cdnoticias.com\/index.php\/wp-json\/wp\/v2\/media\/118735"}],"wp:attachment":[{"href":"https:\/\/cdnoticias.com\/index.php\/wp-json\/wp\/v2\/media?parent=182889"}],"wp:term":[{"taxonomy":"category","embeddable":true,"href":"https:\/\/cdnoticias.com\/index.php\/wp-json\/wp\/v2\/categories?post=182889"},{"taxonomy":"post_tag","embeddable":true,"href":"https:\/\/cdnoticias.com\/index.php\/wp-json\/wp\/v2\/tags?post=182889"}],"curies":[{"name":"wp","href":"https:\/\/api.w.org\/{rel}","templated":true}]}}