{"id":182886,"date":"2025-09-19T12:52:11","date_gmt":"2025-09-19T15:52:11","guid":{"rendered":"https:\/\/cdnoticias.com\/?p=182886"},"modified":"2025-09-19T17:14:47","modified_gmt":"2025-09-19T20:14:47","slug":"detenido-por-robo-agravado-lo-descubrieron-al-identificar-sus-huellas","status":"publish","type":"post","link":"https:\/\/cdnoticias.com\/index.php\/2025\/09\/19\/detenido-por-robo-agravado-lo-descubrieron-al-identificar-sus-huellas\/","title":{"rendered":"Detenido por robo agravado: lo descubrieron al identificar sus huellas"},"content":{"rendered":"<p>Para arrestar al imputado, de 25 a\u00f1os, y avanzar en la investigaci\u00f3n se realizaron cuatro allanamientos con amplio despliegue de personal del ocho dependencias policiales.<!--more--><\/p>\n<hr \/>\n<p>Un <strong>hombre de 25 a\u00f1os<\/strong> fue <strong>detenido<\/strong> este jueves en Olavarr\u00eda luego de <strong>una serie de allanamientos<\/strong> realizados en distintos domicilios de la ciudad, en el marco de una causa caratulada como<strong> \u201crobo agravado (comisi\u00f3n con efracci\u00f3n) \u2013 robo agravado (con escalamiento)\u201d<\/strong>.<\/p>\n<p><strong>El hecho investigado ocurri\u00f3 el 23 de abril<\/strong>. En esa ocasi\u00f3n fue violentado el vidrio de la puerta balc\u00f3n de una vivienda <strong>ubicada en Cortes al 4000<\/strong> de donde fueron sustra\u00eddas herramientas.<\/p>\n<p>A partir de las tareas realizadas por el Gabinete T\u00e1ctico Operativo y de un informe de la Coordinaci\u00f3n Cient\u00edfico Regional Atl\u00e1ntica, Secci\u00f3n AFIS PBA Olavarr\u00eda,<strong> se logr\u00f3 establecer la autor\u00eda del robo y se obtuvieron huellas positivas que compromet\u00edan al imputado<\/strong> identificado como <strong>Mat\u00edas Ezequiel Ju\u00e1rez<\/strong>.<\/p>\n<blockquote><p>Con estas pruebas, la Justicia libr\u00f3 \u00f3rdenes de allanamiento, registro y secuestro en distintos domicilios, las que se ejecutaron este jueves. Los procedimientos tuvieron lugar en: Aguilar al 600, calle 12 al 3500 y en dos viviendas de calle 10 al 3900. Estos dos \u00faltimos, donde resid\u00eda el acusado y en los que tambi\u00e9n alternaba estad\u00eda.<\/p><\/blockquote>\n<p>Los procedimientos fueron llevados adelante de manera conjunta por personal de la <em>Comisar\u00eda Segunda, Comisar\u00eda Primera, Sub DDI Olavarr\u00eda, Polic\u00eda Local, Comisar\u00eda de la Mujer y la Familia, Subcomisar\u00eda Sierras Bayas, Subcomisar\u00eda Loma Negra y el grupo GAD<\/em>.<\/p>\n<p>El <strong>resultado fue positivo, logrando la detenci\u00f3n<\/strong> del hombre, quien qued\u00f3<strong> alojado en sede policial<\/strong> a disposici\u00f3n de la fiscal\u00eda interviniente, la<strong> UFI N.\u00ba 10 a cargo de la doctora Mariela Viceconte<\/strong>.<\/p>\n","protected":false},"excerpt":{"rendered":"<p>Para arrestar al imputado, de 25 a\u00f1os, y avanzar en la investigaci\u00f3n se realizaron cuatro allanamientos con amplio despliegue de<\/p>\n","protected":false},"author":4,"featured_media":182887,"comment_status":"closed","ping_status":"closed","sticky":false,"template":"","format":"standard","meta":{"_jetpack_memberships_contains_paid_content":false,"footnotes":""},"categories":[14,1],"tags":[],"class_list":["post-182886","post","type-post","status-publish","format-standard","has-post-thumbnail","hentry","category-policiales","category-portada"],"jetpack_featured_media_url":"https:\/\/i0.wp.com\/cdnoticias.com\/wp-content\/uploads\/2025\/09\/calle-10-al-3900-detenido-a.jpg?fit=1000%2C556&ssl=1","jetpack_sharing_enabled":true,"_links":{"self":[{"href":"https:\/\/cdnoticias.com\/index.php\/wp-json\/wp\/v2\/posts\/182886","targetHints":{"allow":["GET"]}}],"collection":[{"href":"https:\/\/cdnoticias.com\/index.php\/wp-json\/wp\/v2\/posts"}],"about":[{"href":"https:\/\/cdnoticias.com\/index.php\/wp-json\/wp\/v2\/types\/post"}],"author":[{"embeddable":true,"href":"https:\/\/cdnoticias.com\/index.php\/wp-json\/wp\/v2\/users\/4"}],"replies":[{"embeddable":true,"href":"https:\/\/cdnoticias.com\/index.php\/wp-json\/wp\/v2\/comments?post=182886"}],"version-history":[{"count":0,"href":"https:\/\/cdnoticias.com\/index.php\/wp-json\/wp\/v2\/posts\/182886\/revisions"}],"wp:featuredmedia":[{"embeddable":true,"href":"https:\/\/cdnoticias.com\/index.php\/wp-json\/wp\/v2\/media\/182887"}],"wp:attachment":[{"href":"https:\/\/cdnoticias.com\/index.php\/wp-json\/wp\/v2\/media?parent=182886"}],"wp:term":[{"taxonomy":"category","embeddable":true,"href":"https:\/\/cdnoticias.com\/index.php\/wp-json\/wp\/v2\/categories?post=182886"},{"taxonomy":"post_tag","embeddable":true,"href":"https:\/\/cdnoticias.com\/index.php\/wp-json\/wp\/v2\/tags?post=182886"}],"curies":[{"name":"wp","href":"https:\/\/api.w.org\/{rel}","templated":true}]}}