{"id":182881,"date":"2025-09-19T19:04:35","date_gmt":"2025-09-19T22:04:35","guid":{"rendered":"https:\/\/cdnoticias.com\/?p=182881"},"modified":"2025-09-19T19:04:37","modified_gmt":"2025-09-19T22:04:37","slug":"baldino-estamos-en-un-periodo-de-recesion-muy-importante","status":"publish","type":"post","link":"https:\/\/cdnoticias.com\/index.php\/2025\/09\/19\/baldino-estamos-en-un-periodo-de-recesion-muy-importante\/","title":{"rendered":"Baldino: \u201cestamos en un per\u00edodo de recesi\u00f3n muy importante\u201d"},"content":{"rendered":"\n<p>El subsecretario del \u00e1rea de Desarrollo Econ\u00f3mico se\u00f1al\u00f3 que \u201chay alrededor de 4500 millones de pesos que no est\u00e1n volcados en el presupuesto municipal\u201d. El impacto en la actividad econ\u00f3mica y en lo social.<\/p>\n\n\n\n<hr class=\"wp-block-separator has-alpha-channel-opacity\"\/>\n\n\n\n<p>El <strong>subsecretario de Empresas e Inversiones del Municipio, Bernardo Baldino<\/strong>, dialog\u00f3 con el programa <strong>Levantate por Radio Sapiens (FM 102.7)<\/strong> y se mostr\u00f3 preocupado ante la actualizaci\u00f3n de los indicadores econ\u00f3micos en Olavarr\u00eda.<\/p>\n\n\n\n<p><\/p>\n\n\n\n<p>Los datos actualizados al mes de julio \u201cconfirman lo que venimos relatando ya desde hace un tiempo, que es la <strong>brutal ca\u00edda de la actividad econ\u00f3mica producto de decisiones macroecon\u00f3micas que se vienen tomando<\/strong>\u201d.<\/p>\n\n\n\n<p><\/p>\n\n\n\n<blockquote class=\"wp-block-quote is-layout-flow wp-block-quote-is-layout-flow\">\n<p>En el detalle aportado por el subsecretario se observa que \u201cla actividad econ\u00f3mica cay\u00f3 un 5,6% en julio respecto a junio\u201d y esto marca \u201cpor primera vez en el a\u00f1o hay dos meses consecutivos de ca\u00edda de la actividad y agosto a\u00fan no lo hemos cerrado pero tambi\u00e9n pareciera a la baja\u201d.<\/p>\n<\/blockquote>\n\n\n\n<p><\/p>\n\n\n\n<p><strong>\u201cEntramos en un per\u00edodo de recesi\u00f3n muy preocupante\u201d <\/strong>afirm\u00f3 Baldino y agreg\u00f3: \u201ctenemos una ca\u00edda interanual en julio de casi el 10% con respecto a julio del a\u00f1o pasado\u201d. Esto da cuenta de \u201cn\u00fameros que se empiezan a acercar a lo que fue el primer semestre del a\u00f1o pasado que fue una ca\u00edda hist\u00f3rica para Argentina y para Olavarr\u00eda en particular\u201d.<\/p>\n\n\n\n<p><\/p>\n\n\n\n<p>En comparaci\u00f3n con indicadores que realizan otros organismos, Baldino aport\u00f3 que \u201cle\u00eda c\u00f3mo repercute en el \u00cd<strong>ndice Construya<\/strong> la falta de obra privada, as\u00ed que la verdad que estamos muy preocupados con eso\u201d.<\/p>\n\n\n\n<p><\/p>\n\n\n\n<p>Baldino insisti\u00f3 en que \u201c<strong>la eliminaci\u00f3n de la obra p\u00fablica nacional -porque ya no es ni el parate ni la suspensi\u00f3n- puede llegar a ser uno de los factores m\u00e1s decisivos<\/strong>. Fundamentalmente en Olavarr\u00eda que por c\u00f3mo es la caracter\u00edstica de nuestro entramado productivo, que dependen no exclusivamente de la obra p\u00fablica pero que s\u00ed tiene un porcentaje de la demanda de la producci\u00f3n local alt\u00edsima\u201d.<\/p>\n\n\n\n<p><\/p>\n\n\n\n<p>\u201cNosotros tenemos un sector minero y un sector cementero que produce productos para la obra\u201d, agreg\u00f3 y sintetiz\u00f3: <strong>\u201csi la obra no est\u00e1, ni la p\u00fablica ni la privada, claramente hay un impacto directo en Olavarr\u00eda\u201d.<\/strong><\/p>\n\n\n\n<p><\/p>\n\n\n\n<p>Por otra parte, focaliz\u00f3 en que <strong>\u201chay otras decisiones que se vienen tomando que acompa\u00f1an negativamente a esa situaci\u00f3n\u201d <\/strong>entre las que detall\u00f3 \u201cla apertura indiscriminada de las importaciones, lo que ha est\u00e1 pasando en Cerro Negro, lo que ha pasado en Fabi, tiene que ver directamente con eso, medidas cortoplacistas, electoralistas que se vienen tomando de contenci\u00f3n del mercado cambiario con una estrategia de tener un tasa alt\u00edsima que tambi\u00e9n impacta directamente en la actividad\u201d.<\/p>\n\n\n\n<p><\/p>\n\n\n\n<p>En ese sentido, Baldino se refiri\u00f3 a la situaci\u00f3n de los despidos y resalt\u00f3 que \u201clos \u00faltimos n\u00fameros que venimos manejando en conjunto con la delegaci\u00f3n del Ministerio de Trabajo son <strong>1500 despidos a la fecha<\/strong>\u201d.<\/p>\n\n\n\n<p><\/p>\n\n\n\n<p>Adem\u00e1s \u201c<strong>ha aumentado clara la demanda de trabajo<\/strong>, esto lo vemos nosotros en la oficina de Empleo de lunes a viernes, est\u00e1 la oficina estallada de gente que viene a dejar un curr\u00edculum, que vienen a preguntar por un trabajo\u201d.<\/p>\n\n\n\n<p><\/p>\n\n\n\n<blockquote class=\"wp-block-quote is-layout-flow wp-block-quote-is-layout-flow\">\n<p>A la vez, esta situaci\u00f3n repercute en el \u00e1rea de Desarrollo Social \u201choy conteniendo a un mont\u00f3n de familias que vienen a pedir una asistencia de alimento, que no pueden pagar el alquiler, que necesitan alguna asistencia habitacional. Repercute tambi\u00e9n en el Hospital, <strong>son 5.000 historias cl\u00ednicas nuevas que se han abierto en estos \u00faltimos casi dos a\u00f1os<\/strong>\u201d, detall\u00f3 Baldino.<\/p>\n<\/blockquote>\n\n\n\n<p><\/p>\n\n\n\n<p>El subsecretario hizo foco en el impacto que tiene la <strong>ca\u00edda del derecho de explotaci\u00f3n de canteras y ca\u00edda de la coparticipaci\u00f3n<\/strong> \u201ccomparando la actividad econ\u00f3mica del 2023 <strong>tenemos un c\u00e1lculo de aproximadamente entre 4000 y 4500 millones de pesos menos <\/strong>que no est\u00e1n volcados en el en el presupuesto municipal\u201d.<\/p>\n\n\n\n<p><\/p>\n\n\n\n<p>\u201cCon menos ingresos y con m\u00e1s demandas de situaciones tenemos que salir a paliar la situaci\u00f3n de la mejor manera. No solamente econ\u00f3micamente hablando est\u00e1 el impacto. Hay programas nacionales que ya no existen m\u00e1s, de acompa\u00f1amiento a comedores, <strong>hay un corrimiento del Estado Nacional que hace que obligadamente uno tenga que salir con los recursos que tenga a paliar esa situaci\u00f3n<\/strong>\u201d, afirm\u00f3.<\/p>\n\n\n\n<p><\/p>\n\n\n\n<p>Por \u00faltimo, hizo referencia a la presentaci\u00f3n del <strong>Presupuesto 2026<\/strong> por parte del presidente Milei en Cadena Nacional y asegur\u00f3 que \u201cme gustar\u00eda ser optimista sinceramente\u201d aunque \u201canalizando algunos n\u00fameros un poco de pesimismo de da sobre todo <strong>mirando los gastos de capital que es donde uno podr\u00eda decir que est\u00e1 la inversi\u00f3n en obra, est\u00e1 en los niveles m\u00e1s bajos de la historia<\/strong>\u201d.<\/p>\n\n\n\n<p><\/p>\n\n\n\n<p><strong>\u201cHay que ver si es parte de un relato o si es parte de una realidad efectiva que se va a hacer\u201d<\/strong>, concluy\u00f3.<\/p>\n\n\n\n<p><\/p>\n","protected":false},"excerpt":{"rendered":"<p>El subsecretario del \u00e1rea de Desarrollo Econ\u00f3mico se\u00f1al\u00f3 que \u201chay alrededor de 4500 millones de pesos que no est\u00e1n volcados<\/p>\n","protected":false},"author":5,"featured_media":179538,"comment_status":"closed","ping_status":"closed","sticky":false,"template":"","format":"standard","meta":{"_jetpack_memberships_contains_paid_content":false,"footnotes":""},"categories":[5,1],"tags":[],"class_list":["post-182881","post","type-post","status-publish","format-standard","has-post-thumbnail","hentry","category-informacion-general","category-portada"],"jetpack_featured_media_url":"https:\/\/i0.wp.com\/cdnoticias.com\/wp-content\/uploads\/2025\/08\/construccion-obra-2.jpg?fit=1000%2C556&ssl=1","jetpack_sharing_enabled":true,"_links":{"self":[{"href":"https:\/\/cdnoticias.com\/index.php\/wp-json\/wp\/v2\/posts\/182881","targetHints":{"allow":["GET"]}}],"collection":[{"href":"https:\/\/cdnoticias.com\/index.php\/wp-json\/wp\/v2\/posts"}],"about":[{"href":"https:\/\/cdnoticias.com\/index.php\/wp-json\/wp\/v2\/types\/post"}],"author":[{"embeddable":true,"href":"https:\/\/cdnoticias.com\/index.php\/wp-json\/wp\/v2\/users\/5"}],"replies":[{"embeddable":true,"href":"https:\/\/cdnoticias.com\/index.php\/wp-json\/wp\/v2\/comments?post=182881"}],"version-history":[{"count":0,"href":"https:\/\/cdnoticias.com\/index.php\/wp-json\/wp\/v2\/posts\/182881\/revisions"}],"wp:featuredmedia":[{"embeddable":true,"href":"https:\/\/cdnoticias.com\/index.php\/wp-json\/wp\/v2\/media\/179538"}],"wp:attachment":[{"href":"https:\/\/cdnoticias.com\/index.php\/wp-json\/wp\/v2\/media?parent=182881"}],"wp:term":[{"taxonomy":"category","embeddable":true,"href":"https:\/\/cdnoticias.com\/index.php\/wp-json\/wp\/v2\/categories?post=182881"},{"taxonomy":"post_tag","embeddable":true,"href":"https:\/\/cdnoticias.com\/index.php\/wp-json\/wp\/v2\/tags?post=182881"}],"curies":[{"name":"wp","href":"https:\/\/api.w.org\/{rel}","templated":true}]}}