{"id":182782,"date":"2025-09-18T17:00:53","date_gmt":"2025-09-18T20:00:53","guid":{"rendered":"https:\/\/cdnoticias.com\/?p=182782"},"modified":"2025-09-18T17:00:54","modified_gmt":"2025-09-18T20:00:54","slug":"la-provincia-suspende-las-multas-que-deben-pagar-las-distribuidoras-electricas","status":"publish","type":"post","link":"https:\/\/cdnoticias.com\/index.php\/2025\/09\/18\/la-provincia-suspende-las-multas-que-deben-pagar-las-distribuidoras-electricas\/","title":{"rendered":"La Provincia suspende las multas que deben pagar las distribuidoras el\u00e9ctricas"},"content":{"rendered":"<p>La resoluci\u00f3n no perdona las multas ni sanciones, pero posterga su cobro y acreditaci\u00f3n a los usuarios hasta que entre en vigencia la Revisi\u00f3n Tarifaria Integral.<!--more--><\/p>\n<hr \/>\n<p>El<strong> Gobierno de la provincia de Buenos Aires<\/strong> aprob\u00f3 un <strong>acuerdo con las distribuidoras<\/strong> Edelap, Edea, Eden y Edes para <strong>postergar el pago de penalizaciones y sanciones<\/strong> aplicadas por incumplimientos en la <strong>calidad del servicio el\u00e9ctrico<\/strong>. Este gesto es <strong>un alivio para muchas de las cooperativas el\u00e9ctricas del interior.<\/strong><\/p>\n<p>\u00a0<\/p>\n<p>La medida, publicada este jueves por el Ministerio de Infraestructura y Servicios P\u00fablicos en el Bolet\u00edn Oficial, <strong>regir\u00e1 hasta la entrada en vigencia del primer cuadro tarifario resultante de la pr\u00f3xima Revisi\u00f3n Tarifaria Integral (RTI)<\/strong>, <a href=\"https:\/\/cdnoticias.com\/index.php\/2024\/10\/29\/electricidad-la-provincia-revisa-tarifas-y-lanza-un-plan-ante-cortes-de-verano\/\" target=\"_blank\" rel=\"noopener\">lanzada el a\u00f1o pasado y actualmente en proceso<\/a>.<\/p>\n<p>\u00a0<\/p>\n<blockquote>\n<p>Seg\u00fan la resoluci\u00f3n ministerial, las empresas no deber\u00e1n acreditar por ahora a los usuarios las penalizaciones acumuladas desde junio de 2017 ni las que se apliquen en adelante. Tampoco deber\u00e1n afrontar las sanciones complementarias que se encuentren firmes en sede administrativa.<\/p>\n<\/blockquote>\n<p>\u00a0<\/p>\n<p>Sin embargo, estas obligaciones no se eliminan: <strong>quedar\u00e1n registradas en cuentas contables espec\u00edficas<\/strong> creadas al efecto, sujetas a <strong>auditor\u00edas del Organismo de Control de Energ\u00eda El\u00e9ctrica de la Provincia (OCEBA)<\/strong> y de la propia cartera de Infraestructura.<\/p>\n<p>\u00a0<\/p>\n<p>De este modo, se busca <strong>aliviar la situaci\u00f3n financiera de las distribuidoras en el marco de la etapa de transici\u00f3n tarifaria<\/strong>, vigente desde 2020 tras la declaraci\u00f3n de la emergencia econ\u00f3mica y sanitaria. El objetivo oficial es <strong>garantizar la sustentabilidad del servicio el\u00e9ctrico hasta que se normalice el esquema tarifario con la nueva RTI<\/strong>, que en las \u00faltimas semanas el gobernador Axel Kicillof pidi\u00f3 acelerar.<\/p>\n<p>\u00a0<\/p>\n<p>El destino final de los montos acumulados, en tanto, se definir\u00e1 en el marco de la pr\u00f3xima revisi\u00f3n que deber\u00e1 determinar si se acreditan a los usuarios, se destinan a inversiones u otro uso previsto en la normativa.<\/p>\n<p>\u00a0<\/p>\n<p><blockquote class=\"wp-embedded-content\" data-secret=\"ISZcqlwy3p\"><a href=\"https:\/\/cdnoticias.com\/index.php\/2024\/10\/29\/electricidad-la-provincia-revisa-tarifas-y-lanza-un-plan-ante-cortes-de-verano\/\">Electricidad: la Provincia revisa tarifas y lanza un plan ante cortes de verano<\/a><\/blockquote><iframe loading=\"lazy\" class=\"wp-embedded-content\" sandbox=\"allow-scripts\" security=\"restricted\" style=\"position: absolute; visibility: hidden;\" title=\"&#8220;Electricidad: la Provincia revisa tarifas y lanza un plan ante cortes de verano&#8221; &#8212; Central de Noticias | Olavarr\u00eda\" src=\"https:\/\/cdnoticias.com\/index.php\/2024\/10\/29\/electricidad-la-provincia-revisa-tarifas-y-lanza-un-plan-ante-cortes-de-verano\/embed\/#?secret=zijWz5vCsw#?secret=ISZcqlwy3p\" data-secret=\"ISZcqlwy3p\" width=\"600\" height=\"338\" frameborder=\"0\" marginwidth=\"0\" marginheight=\"0\" scrolling=\"no\"><\/iframe><\/p>\n<p>\u00a0<\/p>\n<h3>Revisi\u00f3n de las tarifas el\u00e9ctricas<\/h3>\n<p><br \/>A fines de agosto, <strong>el Gobierno de Kicillof comenz\u00f3 a profundizar el ordenamiento del esquema tarifario del servicio de energ\u00eda<\/strong> que qued\u00f3 severamente atrasado desde la \u00e9poca de gesti\u00f3n de Mar\u00eda Eugenia Vidal y como producto del impacto de la pandemia de coronavirus. Por eso, se orden\u00f3 acelerar el proceso de RTI.<\/p>\n<p>\u00a0<\/p>\n<blockquote>\n<p>En medio de un panorama complejo para decenas de cooperativas el\u00e9ctricas del interior bonaerense, estas entidades sostienen que el proceso de revisi\u00f3n permitir\u00e1 establecer una tarifa justa en funci\u00f3n de los costos reales de prestaci\u00f3n del servicio.<\/p>\n<\/blockquote>\n<p>\u00a0<\/p>\n<p>Si bien la Legislatura no aprob\u00f3 este a\u00f1o el pedido de Kicillof para que se lo faculte a continuar con la etapa de transici\u00f3n tarifaria del sector de distribuci\u00f3n de la energ\u00eda el\u00e9ctrica, <strong>la Subsecretar\u00eda de Energ\u00eda ya trabaja con las cooperativas el\u00e9ctricas y las prestadoras provinciales para poner en marcha la revisi\u00f3n<\/strong>.<\/p>\n<p>\u00a0<\/p>\n<h3>Convenio con Edenor y Edesur<\/h3>\n<p><br \/>En otra resoluci\u00f3n, el Gobierno aprob\u00f3 la <strong>firma de convenios con Edenor y Edesur<\/strong> para reconocer de manera excepcional las deudas derivadas del r\u00e9gimen anterior de la Tarifa Social El\u00e9ctrica. Se trata de los <strong>montos correspondientes al per\u00edodo comprendido entre el 1\u00b0 de junio y el 15 de julio de 2024<\/strong>, cuando se produjo el traspaso hacia el nuevo esquema de bonificaciones.<\/p>\n<p>\u00a0<\/p>\n<p>De acuerdo con lo establecido, <strong>la Provincia afrontar\u00e1 pagos por un total de $24.737 millones<\/strong>, que ser\u00e1n cancelados en cuatro cuotas trimestrales hasta junio de 2026. El convenio con Edenor asciende a $17.691 millones, mientras que el suscripto con Edesur contempla $7.046 millones. Ambos acuerdos tendr\u00e1n car\u00e1cter cancelatorio, final y definitivo respecto del viejo r\u00e9gimen de tarifa social.<\/p>\n<p>\u00a0<\/p>\n<p>La medida busca <strong>evitar perjuicios econ\u00f3micos a los usuarios beneficiarios del anterior sistema<\/strong>, ya que la aplicaci\u00f3n retroactiva de las nuevas condiciones pod\u00eda derivar en refacturaciones con costos adicionales para los hogares m\u00e1s vulnerables.<\/p>\n<p>\u00a0<\/p>\n<p>Fuente: <em>Agencia DIB<\/em><\/p>\n\n\n<p><\/p>\n","protected":false},"excerpt":{"rendered":"<p>La resoluci\u00f3n no perdona las multas ni sanciones, pero posterga su cobro y acreditaci\u00f3n a los usuarios hasta que entre<\/p>\n","protected":false},"author":4,"featured_media":9212,"comment_status":"closed","ping_status":"closed","sticky":false,"template":"","format":"standard","meta":{"_jetpack_memberships_contains_paid_content":false,"footnotes":""},"categories":[6,1],"tags":[],"class_list":["post-182782","post","type-post","status-publish","format-standard","has-post-thumbnail","hentry","category-nacionales","category-portada"],"jetpack_featured_media_url":"https:\/\/i0.wp.com\/cdnoticias.com\/wp-content\/uploads\/2020\/12\/electricidad-luz-tarifas-DIB.jpg?fit=696%2C392&ssl=1","jetpack_sharing_enabled":true,"_links":{"self":[{"href":"https:\/\/cdnoticias.com\/index.php\/wp-json\/wp\/v2\/posts\/182782","targetHints":{"allow":["GET"]}}],"collection":[{"href":"https:\/\/cdnoticias.com\/index.php\/wp-json\/wp\/v2\/posts"}],"about":[{"href":"https:\/\/cdnoticias.com\/index.php\/wp-json\/wp\/v2\/types\/post"}],"author":[{"embeddable":true,"href":"https:\/\/cdnoticias.com\/index.php\/wp-json\/wp\/v2\/users\/4"}],"replies":[{"embeddable":true,"href":"https:\/\/cdnoticias.com\/index.php\/wp-json\/wp\/v2\/comments?post=182782"}],"version-history":[{"count":0,"href":"https:\/\/cdnoticias.com\/index.php\/wp-json\/wp\/v2\/posts\/182782\/revisions"}],"wp:featuredmedia":[{"embeddable":true,"href":"https:\/\/cdnoticias.com\/index.php\/wp-json\/wp\/v2\/media\/9212"}],"wp:attachment":[{"href":"https:\/\/cdnoticias.com\/index.php\/wp-json\/wp\/v2\/media?parent=182782"}],"wp:term":[{"taxonomy":"category","embeddable":true,"href":"https:\/\/cdnoticias.com\/index.php\/wp-json\/wp\/v2\/categories?post=182782"},{"taxonomy":"post_tag","embeddable":true,"href":"https:\/\/cdnoticias.com\/index.php\/wp-json\/wp\/v2\/tags?post=182782"}],"curies":[{"name":"wp","href":"https:\/\/api.w.org\/{rel}","templated":true}]}}