{"id":18277,"date":"2021-04-08T12:14:16","date_gmt":"2021-04-08T15:14:16","guid":{"rendered":"http:\/\/www.centraldenoticias.com.ar\/?p=18277"},"modified":"2021-04-08T12:14:16","modified_gmt":"2021-04-08T15:14:16","slug":"barrio-lourdes-telefono-descompuesto-y-pedido-de-solucion-pacifica-de-berni","status":"publish","type":"post","link":"https:\/\/cdnoticias.com\/index.php\/2021\/04\/08\/barrio-lourdes-telefono-descompuesto-y-pedido-de-solucion-pacifica-de-berni\/","title":{"rendered":"Barrio Lourdes: \u201cTel\u00e9fono descompuesto\u201d y pedido de soluci\u00f3n \u201cpac\u00edfica\u201d de Berni"},"content":{"rendered":"<p>El Ministro de Seguridad bonaerense desminti\u00f3 un di\u00e1logo con el Municipio e inst\u00f3 a \u201cagotar v\u00edas de di\u00e1logo\u201d para llegar a una soluci\u00f3n \u201cpac\u00edfica\u201d al problema.<!--more--><\/p>\n<hr \/>\n<p>En un nuevo d\u00eda de la toma de terrenos en el Barrio Lourdes, y a la espera de novedades judiciales, <strong>el Ministro de Seguridad bonaerense, Sergio Berni, desminti\u00f3 un contacto con el Municipio pero, adem\u00e1s, pidi\u00f3 una soluci\u00f3n \u201cpac\u00edfica\u201d al conflicto que lleva casi una semana.<\/strong><\/p>\n<p>&nbsp;<\/p>\n<p>En primera instancia, medios locales publicaron un \u201ccontacto\u201d entre Galli y Berni por la toma.<\/p>\n<p>&nbsp;<\/p>\n<blockquote><p>Cerca de la medianoche, el ministro bonaerense aclar\u00f3 que \u201cno recib\u00ed ning\u00fan llamado del Municipio de Olavarr\u00eda por estos hechos\u201d.<\/p><\/blockquote>\n<p>&nbsp;<\/p>\n<blockquote class=\"twitter-tweet\">\n<p dir=\"ltr\" lang=\"es\">No recib\u00ed ning\u00fan llamado del municipio de Olavarr\u00eda por estos hechos. Insto al ejecutivo de esa ciudad a qu\u00e9 agote todas las v\u00edas de di\u00e1logo para encontrar una salida pac\u00edfica a este problema.<a href=\"https:\/\/t.co\/LqBnYHFg4e\">https:\/\/t.co\/LqBnYHFg4e<\/a><\/p>\n<p>\u2014 Sergio Berni (@SergioBerniArg) <a href=\"https:\/\/twitter.com\/SergioBerniArg\/status\/1379977312305868809?ref_src=twsrc%5Etfw\">April 8, 2021<\/a><\/p><\/blockquote>\n<p><script async src=\"https:\/\/platform.twitter.com\/widgets.js\" charset=\"utf-8\"><\/script><\/p>\n<p>&nbsp;<\/p>\n<p>De todas formas, inst\u00f3 al Ejecutivo a<strong><em> \u201cque agote todas las v\u00edas de di\u00e1logo para encontrar una salida pac\u00edfica a este problema\u201d.<\/em><\/strong><\/p>\n","protected":false},"excerpt":{"rendered":"<p>El Ministro de Seguridad bonaerense desminti\u00f3 un di\u00e1logo con el Municipio e inst\u00f3 a \u201cagotar v\u00edas de di\u00e1logo\u201d para llegar<\/p>\n","protected":false},"author":2,"featured_media":18278,"comment_status":"closed","ping_status":"closed","sticky":false,"template":"","format":"standard","meta":{"_jetpack_memberships_contains_paid_content":false,"footnotes":""},"categories":[4,1],"tags":[],"class_list":["post-18277","post","type-post","status-publish","format-standard","has-post-thumbnail","hentry","category-politica","category-portada"],"jetpack_featured_media_url":"https:\/\/i0.wp.com\/cdnoticias.com\/wp-content\/uploads\/2021\/04\/Visita-Berni-1.jpg?fit=1968%2C1312&ssl=1","jetpack_sharing_enabled":true,"_links":{"self":[{"href":"https:\/\/cdnoticias.com\/index.php\/wp-json\/wp\/v2\/posts\/18277","targetHints":{"allow":["GET"]}}],"collection":[{"href":"https:\/\/cdnoticias.com\/index.php\/wp-json\/wp\/v2\/posts"}],"about":[{"href":"https:\/\/cdnoticias.com\/index.php\/wp-json\/wp\/v2\/types\/post"}],"author":[{"embeddable":true,"href":"https:\/\/cdnoticias.com\/index.php\/wp-json\/wp\/v2\/users\/2"}],"replies":[{"embeddable":true,"href":"https:\/\/cdnoticias.com\/index.php\/wp-json\/wp\/v2\/comments?post=18277"}],"version-history":[{"count":0,"href":"https:\/\/cdnoticias.com\/index.php\/wp-json\/wp\/v2\/posts\/18277\/revisions"}],"wp:featuredmedia":[{"embeddable":true,"href":"https:\/\/cdnoticias.com\/index.php\/wp-json\/wp\/v2\/media\/18278"}],"wp:attachment":[{"href":"https:\/\/cdnoticias.com\/index.php\/wp-json\/wp\/v2\/media?parent=18277"}],"wp:term":[{"taxonomy":"category","embeddable":true,"href":"https:\/\/cdnoticias.com\/index.php\/wp-json\/wp\/v2\/categories?post=18277"},{"taxonomy":"post_tag","embeddable":true,"href":"https:\/\/cdnoticias.com\/index.php\/wp-json\/wp\/v2\/tags?post=18277"}],"curies":[{"name":"wp","href":"https:\/\/api.w.org\/{rel}","templated":true}]}}