{"id":182768,"date":"2025-09-18T11:38:39","date_gmt":"2025-09-18T14:38:39","guid":{"rendered":"https:\/\/cdnoticias.com\/?p=182768"},"modified":"2025-09-18T11:38:41","modified_gmt":"2025-09-18T14:38:41","slug":"postergan-la-feria-primaveral-de-corrales-de-nievas","status":"publish","type":"post","link":"https:\/\/cdnoticias.com\/index.php\/2025\/09\/18\/postergan-la-feria-primaveral-de-corrales-de-nievas\/","title":{"rendered":"Postergan la Feria Primaveral de Corrales de Nievas"},"content":{"rendered":"<p>Debido a las condiciones del tiempo previstas para este fin de semana, la feria pas\u00f3 al domingo 28 de septiembre.<!--more--><\/p>\n<hr \/>\n<p>Se hab\u00eda anunciado la <strong><a href=\"https:\/\/cdnoticias.com\/index.php\/2025\/09\/03\/feria-primaveral-de-corrales-de-nievas\/\" target=\"_blank\" rel=\"noopener\">Feria Primaveral<\/a> de Corrales de Nievas para el 21 de septiembre<\/strong>, pero debido a las condiciones del tiempo prevista para esa jornada se pospuso el encuentro.<\/p>\n<blockquote><p>\u201cPor razones clim\u00e1ticas nos vemos obligados a suspender la Feria Primaveral\u201d se inform\u00f3 desde la organizaci\u00f3n en Colonia Nievas. Se inform\u00f3 que se realizar\u00e1 el pr\u00f3ximo domingo 28 de septiembre.<\/p><\/blockquote>\n<p>En el predio ubicado frente a la iglesia de la localidad <strong>se montar\u00e1 la feria con artesanos, emprendedores, manualistas y patio de comidas<\/strong> entre otras propuestas.<\/p>\n","protected":false},"excerpt":{"rendered":"<p>Debido a las condiciones del tiempo previstas para este fin de semana, la feria pas\u00f3 al domingo 28 de septiembre.<\/p>\n","protected":false},"author":4,"featured_media":116065,"comment_status":"closed","ping_status":"closed","sticky":false,"template":"","format":"standard","meta":{"_jetpack_memberships_contains_paid_content":false,"footnotes":""},"categories":[9,1],"tags":[],"class_list":["post-182768","post","type-post","status-publish","format-standard","has-post-thumbnail","hentry","category-cultura","category-portada"],"jetpack_featured_media_url":"https:\/\/i0.wp.com\/cdnoticias.com\/wp-content\/uploads\/2024\/05\/colonia-nievas-kerb-2024-07-sendero-interpretativo.jpg?fit=1000%2C556&ssl=1","jetpack_sharing_enabled":true,"_links":{"self":[{"href":"https:\/\/cdnoticias.com\/index.php\/wp-json\/wp\/v2\/posts\/182768","targetHints":{"allow":["GET"]}}],"collection":[{"href":"https:\/\/cdnoticias.com\/index.php\/wp-json\/wp\/v2\/posts"}],"about":[{"href":"https:\/\/cdnoticias.com\/index.php\/wp-json\/wp\/v2\/types\/post"}],"author":[{"embeddable":true,"href":"https:\/\/cdnoticias.com\/index.php\/wp-json\/wp\/v2\/users\/4"}],"replies":[{"embeddable":true,"href":"https:\/\/cdnoticias.com\/index.php\/wp-json\/wp\/v2\/comments?post=182768"}],"version-history":[{"count":0,"href":"https:\/\/cdnoticias.com\/index.php\/wp-json\/wp\/v2\/posts\/182768\/revisions"}],"wp:featuredmedia":[{"embeddable":true,"href":"https:\/\/cdnoticias.com\/index.php\/wp-json\/wp\/v2\/media\/116065"}],"wp:attachment":[{"href":"https:\/\/cdnoticias.com\/index.php\/wp-json\/wp\/v2\/media?parent=182768"}],"wp:term":[{"taxonomy":"category","embeddable":true,"href":"https:\/\/cdnoticias.com\/index.php\/wp-json\/wp\/v2\/categories?post=182768"},{"taxonomy":"post_tag","embeddable":true,"href":"https:\/\/cdnoticias.com\/index.php\/wp-json\/wp\/v2\/tags?post=182768"}],"curies":[{"name":"wp","href":"https:\/\/api.w.org\/{rel}","templated":true}]}}