{"id":182765,"date":"2025-09-18T10:49:34","date_gmt":"2025-09-18T13:49:34","guid":{"rendered":"https:\/\/cdnoticias.com\/?p=182765"},"modified":"2025-09-18T10:49:36","modified_gmt":"2025-09-18T13:49:36","slug":"el-intendente-wesner-participo-de-la-marcha-federal-universitaria","status":"publish","type":"post","link":"https:\/\/cdnoticias.com\/index.php\/2025\/09\/18\/el-intendente-wesner-participo-de-la-marcha-federal-universitaria\/","title":{"rendered":"El intendente Wesner particip\u00f3 de la Marcha Federal Universitaria"},"content":{"rendered":"<p>Junto a referentes acad\u00e9micos, gremiales y estudiantes encabez\u00f3 la movilizaci\u00f3n que se inici\u00f3 en la Facultad de Ciencias de la Salud y concluy\u00f3 en la plaza Coronel Olavarr\u00eda.<!--more--><\/p>\n<hr \/>\n<p>En la tarde de este mi\u00e9rcoles, en sinton\u00eda a lo sucedido en numerosos puntos de todo el pa\u00eds, <strong><a href=\"https:\/\/cdnoticias.com\/index.php\/2025\/09\/17\/tercera-marcha-federal-universitaria-gran-marco-de-publico-en-las-calles\/\" target=\"_blank\" rel=\"noopener\">Olavarr\u00eda se moviliz\u00f3<\/a> en defensa de la Universidad P\u00fablica.<\/strong><\/p>\n<blockquote><p>\u201cEl intendente Maximiliano Wesner, junto a referentes acad\u00e9micos, institucionales, gremiales y estudiantiles, encabez\u00f3 una masiva marcha que se inici\u00f3 en la Facultad de Ciencias de la Salud y concluy\u00f3 en la plaza Coronel Olavarr\u00eda\u201d se inform\u00f3 desde el Municipio.<\/p><\/blockquote>\n<p><img data-recalc-dims=\"1\" loading=\"lazy\" decoding=\"async\" class=\"alignnone size-full wp-image-182668 aligncenter\" src=\"https:\/\/i0.wp.com\/cdnoticias.com\/wp-content\/uploads\/2025\/09\/Marcha-Universidad-Publica-Olavarria-07.jpg?resize=800%2C531&#038;ssl=1\" alt=\"\" width=\"800\" height=\"531\" srcset=\"https:\/\/i0.wp.com\/cdnoticias.com\/wp-content\/uploads\/2025\/09\/Marcha-Universidad-Publica-Olavarria-07.jpg?w=1024&amp;ssl=1 1024w, https:\/\/i0.wp.com\/cdnoticias.com\/wp-content\/uploads\/2025\/09\/Marcha-Universidad-Publica-Olavarria-07.jpg?resize=300%2C199&amp;ssl=1 300w, https:\/\/i0.wp.com\/cdnoticias.com\/wp-content\/uploads\/2025\/09\/Marcha-Universidad-Publica-Olavarria-07.jpg?resize=768%2C510&amp;ssl=1 768w, https:\/\/i0.wp.com\/cdnoticias.com\/wp-content\/uploads\/2025\/09\/Marcha-Universidad-Publica-Olavarria-07.jpg?resize=272%2C182&amp;ssl=1 272w\" sizes=\"auto, (max-width: 800px) 100vw, 800px\" \/><\/p>\n<p>Asimismo se valor\u00f3 que<strong> la convocatoria fue \u201cno solo la reivindicaci\u00f3n de la Universidad P\u00fablica<\/strong> como un elemento fundamental e indispensable en la generaci\u00f3n de igualdad de oportunidades, sino tambi\u00e9n en <strong>rechazo al veto al financiamiento firmado por el presidente Javier Milei\u201d.<\/strong><\/p>\n<p>El<strong> repudio manifestado en las calles<\/strong>, tuvo su eco en el Congreso, donde <strong>la mayor\u00eda de los Diputados Nacionales vot\u00f3 por la \u201cinsistencia\u201d de la Ley de Financiamiento Universitario<\/strong>, que pr\u00f3ximamente ser\u00e1 tratada en el mismo sentido en la C\u00e1mara de Senadores.<\/p>\n","protected":false},"excerpt":{"rendered":"<p>Junto a referentes acad\u00e9micos, gremiales y estudiantes encabez\u00f3 la movilizaci\u00f3n que se inici\u00f3 en la Facultad de Ciencias de la<\/p>\n","protected":false},"author":4,"featured_media":182766,"comment_status":"closed","ping_status":"closed","sticky":false,"template":"","format":"standard","meta":{"_jetpack_memberships_contains_paid_content":false,"footnotes":""},"categories":[4,1],"tags":[],"class_list":["post-182765","post","type-post","status-publish","format-standard","has-post-thumbnail","hentry","category-politica","category-portada"],"jetpack_featured_media_url":"https:\/\/i0.wp.com\/cdnoticias.com\/wp-content\/uploads\/2025\/09\/marcha-universitaria-wesner-17-09-2025-a0.jpg?fit=1000%2C556&ssl=1","jetpack_sharing_enabled":true,"_links":{"self":[{"href":"https:\/\/cdnoticias.com\/index.php\/wp-json\/wp\/v2\/posts\/182765","targetHints":{"allow":["GET"]}}],"collection":[{"href":"https:\/\/cdnoticias.com\/index.php\/wp-json\/wp\/v2\/posts"}],"about":[{"href":"https:\/\/cdnoticias.com\/index.php\/wp-json\/wp\/v2\/types\/post"}],"author":[{"embeddable":true,"href":"https:\/\/cdnoticias.com\/index.php\/wp-json\/wp\/v2\/users\/4"}],"replies":[{"embeddable":true,"href":"https:\/\/cdnoticias.com\/index.php\/wp-json\/wp\/v2\/comments?post=182765"}],"version-history":[{"count":0,"href":"https:\/\/cdnoticias.com\/index.php\/wp-json\/wp\/v2\/posts\/182765\/revisions"}],"wp:featuredmedia":[{"embeddable":true,"href":"https:\/\/cdnoticias.com\/index.php\/wp-json\/wp\/v2\/media\/182766"}],"wp:attachment":[{"href":"https:\/\/cdnoticias.com\/index.php\/wp-json\/wp\/v2\/media?parent=182765"}],"wp:term":[{"taxonomy":"category","embeddable":true,"href":"https:\/\/cdnoticias.com\/index.php\/wp-json\/wp\/v2\/categories?post=182765"},{"taxonomy":"post_tag","embeddable":true,"href":"https:\/\/cdnoticias.com\/index.php\/wp-json\/wp\/v2\/tags?post=182765"}],"curies":[{"name":"wp","href":"https:\/\/api.w.org\/{rel}","templated":true}]}}