{"id":182756,"date":"2025-09-18T08:59:47","date_gmt":"2025-09-18T11:59:47","guid":{"rendered":"https:\/\/cdnoticias.com\/?p=182756"},"modified":"2025-09-18T13:12:49","modified_gmt":"2025-09-18T16:12:49","slug":"despues-de-las-elecciones-el-municipio-aumento-las-tasas-y-derechos","status":"publish","type":"post","link":"https:\/\/cdnoticias.com\/index.php\/2025\/09\/18\/despues-de-las-elecciones-el-municipio-aumento-las-tasas-y-derechos\/","title":{"rendered":"Despu\u00e9s de las elecciones, el Municipio aument\u00f3 las tasas y derechos"},"content":{"rendered":"<p>La suba es de 14,15% y rige desde el 1\u00ba de septiembre. El retroactivo se cobrar\u00e1 en dos veces. \u201cSer\u00eda imprudente no actualizar tasas en el marco del desfinanciamiento que afecta a distintas \u00e1reas\u201d argument\u00f3 el Ejecutivo.<!--more--><\/p>\n<hr \/>\n<p>A dos semanas de las elecciones legislativas, <strong>el Municipio inform\u00f3 que \u201cactualiza\u201d los valores de tasas y derechos<\/strong>.<\/p>\n<blockquote><p>La suba impositiva es de 14,15% y rige desde el 1\u00ba de septiembre aunque tendr\u00e1 efecto en las pr\u00f3ximas liquidaciones ya que se previ\u00f3 el cobro del retroactivo en dos veces. \u201cSer\u00eda imprudente no actualizar tasas en el marco del desfinanciamiento que afecta a distintas \u00e1reas\u201d argument\u00f3 el Ejecutivo al dar a conocer el decreto.<\/p><\/blockquote>\n<p>En concreto, se comunic\u00f3: \u201cel Municipio de Olavarr\u00eda informa que<strong> la liquidaci\u00f3n de la Tasa de Servicios Generales Urbanos<\/strong>, en conjunto con la Tasa de Protecci\u00f3n Ciudadana y Defensa Civil, <strong>que vencen en el mes de octubre incluyen los nuevos valores<\/strong> determinados por Decreto, con un<strong> incremento respecto de los valores anteriores del 14,15%<\/strong>, de acuerdo a la potestad que surge del art\u00edculo 23 de la Ordenanza Fiscal N\u00ba 2.460\/99 y sus modificatorias, <strong>receptando el \u00edndice inflacionario IPC nivel general publicado por el INDEC para el semestre marzo a agosto de 2025\u201d<\/strong>.<\/p>\n<p>En cuanto a la aplicaci\u00f3n del aumento se explic\u00f3 que<strong> \u201clos valores aprobados rigen a partir del 1 de septiembre<\/strong> del a\u00f1o en curso. Se a\u00f1ade que se liquidar\u00e1 el <strong>retroactivo correspondiente al mes de septiembre de 2025<\/strong> que corresponde al diferencial entre los nuevos valores y el liquidado para dicho mes oportunamente, <strong>en dos cuotas, durante los meses de octubre y noviembre<\/strong> del corriente\u201d.<\/p>\n<blockquote><p>El Ejecutivo municipal argument\u00f3 la decisi\u00f3n en la baja de ingresos en las arcas. \u201cSer\u00eda imprudente no actualizar tasas en el marco del desfinanciamiento que afecta a distintas \u00e1reas. El Municipio sufre una ca\u00edda de ingresos notoria v\u00eda coparticipaci\u00f3n que se distribuye de acuerdo a nivel de actividad que contin\u00faa a la baja y una ca\u00edda del derecho de explotaci\u00f3n de cantera que ronda el 26%\u201d se explic\u00f3.<\/p><\/blockquote>\n<p>Y sigui\u00f3 \u201cen este contexto<strong> es necesario acompa\u00f1ar al menos la inflaci\u00f3n, para no deteriorar la calidad de los servicios<\/strong> que prestamos actualmente y seguir acompa\u00f1ando a los olavarrienses a trav\u00e9s del<strong> subsidio de transporte, la atenci\u00f3n en salud y desarrollo social\u201d<\/strong>, destacaron desde el ejecutivo municipal.<\/p>\n<p>Finalmente se indic\u00f3 que el <strong>incremento del 14,15%<\/strong> rige para otros tributos y tasas municipales tales como la <strong>Tasa de Servicios Generales Rurales, el importe m\u00ednimo de la Tasa de Seguridad e Higiene, Marcas y Se\u00f1ales<\/strong>, entre otras.<\/p>\n<p>Cabe agregar que hasta la primera hora de la ma\u00f1ana de este jueves <strong>el Municipio no ha publicado el decreto con el detalle de los nuevos valores<\/strong> de las tasas municipales.<\/p>\n","protected":false},"excerpt":{"rendered":"<p>La suba es de 14,15% y rige desde el 1\u00ba de septiembre. El retroactivo se cobrar\u00e1 en dos veces. \u201cSer\u00eda<\/p>\n","protected":false},"author":4,"featured_media":116040,"comment_status":"closed","ping_status":"closed","sticky":false,"template":"","format":"standard","meta":{"_jetpack_memberships_contains_paid_content":false,"footnotes":""},"categories":[5,1],"tags":[],"class_list":["post-182756","post","type-post","status-publish","format-standard","has-post-thumbnail","hentry","category-informacion-general","category-portada"],"jetpack_featured_media_url":"https:\/\/i0.wp.com\/cdnoticias.com\/wp-content\/uploads\/2024\/05\/palacio-san-martin-municipio.jpg?fit=1072%2C596&ssl=1","jetpack_sharing_enabled":true,"_links":{"self":[{"href":"https:\/\/cdnoticias.com\/index.php\/wp-json\/wp\/v2\/posts\/182756","targetHints":{"allow":["GET"]}}],"collection":[{"href":"https:\/\/cdnoticias.com\/index.php\/wp-json\/wp\/v2\/posts"}],"about":[{"href":"https:\/\/cdnoticias.com\/index.php\/wp-json\/wp\/v2\/types\/post"}],"author":[{"embeddable":true,"href":"https:\/\/cdnoticias.com\/index.php\/wp-json\/wp\/v2\/users\/4"}],"replies":[{"embeddable":true,"href":"https:\/\/cdnoticias.com\/index.php\/wp-json\/wp\/v2\/comments?post=182756"}],"version-history":[{"count":0,"href":"https:\/\/cdnoticias.com\/index.php\/wp-json\/wp\/v2\/posts\/182756\/revisions"}],"wp:featuredmedia":[{"embeddable":true,"href":"https:\/\/cdnoticias.com\/index.php\/wp-json\/wp\/v2\/media\/116040"}],"wp:attachment":[{"href":"https:\/\/cdnoticias.com\/index.php\/wp-json\/wp\/v2\/media?parent=182756"}],"wp:term":[{"taxonomy":"category","embeddable":true,"href":"https:\/\/cdnoticias.com\/index.php\/wp-json\/wp\/v2\/categories?post=182756"},{"taxonomy":"post_tag","embeddable":true,"href":"https:\/\/cdnoticias.com\/index.php\/wp-json\/wp\/v2\/tags?post=182756"}],"curies":[{"name":"wp","href":"https:\/\/api.w.org\/{rel}","templated":true}]}}