{"id":182750,"date":"2025-09-18T08:39:37","date_gmt":"2025-09-18T11:39:37","guid":{"rendered":"https:\/\/cdnoticias.com\/?p=182750"},"modified":"2025-09-18T08:39:39","modified_gmt":"2025-09-18T11:39:39","slug":"jose-maria-cordillo-pepe-q-e-p-d","status":"publish","type":"post","link":"https:\/\/cdnoticias.com\/index.php\/2025\/09\/18\/jose-maria-cordillo-pepe-q-e-p-d\/","title":{"rendered":"Jos\u00e9 Mar\u00eda Cordillo \u201cPepe\u201d (Q.E.P.D.)"},"content":{"rendered":"<p>Falleci\u00f3 en Olavarr\u00eda el 17 de septiembre de 2025 a los 81 a\u00f1os.<\/p>\n<p>Su esposa Elbecia Del Valle Romero. Sus hijos Jos\u00e9 Mar\u00eda, Fernando Gast\u00f3n y Alejandro Esteban. Sus hijas pol\u00edticas Guadalupe, Eugenia y Liliana. Sus nietos Trinidad, Juan Segundo, Agustina, Juanita, Milo, Antonella, Giuliana, Mateo y dem\u00e1s deudos participan su fallecimiento.<\/p>\n<p>Sus restos ser\u00e1n velados este jueves 18 de septiembre de 10:00 a 16:00 horas en la Sala de Espa\u00f1a 2942 departamento \u201cC\u201d, con responso en la Capilla Ardiente, e inhumados en el Cementerio Loma de Paz este viernes 19 de septiembre a las 08:30 horas. Servicio adherido a Coopelectric.<\/p>\n<p>Nacido en Olavarr\u00eda, vecino de barrio San Vicente, jubilado de la construcci\u00f3n.<\/p>\n","protected":false},"excerpt":{"rendered":"<p>Falleci\u00f3 en Olavarr\u00eda el 17 de septiembre de 2025 a los 81 a\u00f1os. Su esposa Elbecia Del Valle Romero. Sus<\/p>\n","protected":false},"author":4,"featured_media":51544,"comment_status":"closed","ping_status":"closed","sticky":false,"template":"","format":"standard","meta":{"_jetpack_memberships_contains_paid_content":false,"footnotes":""},"categories":[10],"tags":[],"class_list":["post-182750","post","type-post","status-publish","format-standard","has-post-thumbnail","hentry","category-necrologicas"],"jetpack_featured_media_url":"https:\/\/i0.wp.com\/cdnoticias.com\/wp-content\/uploads\/2022\/04\/necrologicas-390-x-240.jpg?fit=390%2C240&ssl=1","jetpack_sharing_enabled":true,"_links":{"self":[{"href":"https:\/\/cdnoticias.com\/index.php\/wp-json\/wp\/v2\/posts\/182750","targetHints":{"allow":["GET"]}}],"collection":[{"href":"https:\/\/cdnoticias.com\/index.php\/wp-json\/wp\/v2\/posts"}],"about":[{"href":"https:\/\/cdnoticias.com\/index.php\/wp-json\/wp\/v2\/types\/post"}],"author":[{"embeddable":true,"href":"https:\/\/cdnoticias.com\/index.php\/wp-json\/wp\/v2\/users\/4"}],"replies":[{"embeddable":true,"href":"https:\/\/cdnoticias.com\/index.php\/wp-json\/wp\/v2\/comments?post=182750"}],"version-history":[{"count":0,"href":"https:\/\/cdnoticias.com\/index.php\/wp-json\/wp\/v2\/posts\/182750\/revisions"}],"wp:featuredmedia":[{"embeddable":true,"href":"https:\/\/cdnoticias.com\/index.php\/wp-json\/wp\/v2\/media\/51544"}],"wp:attachment":[{"href":"https:\/\/cdnoticias.com\/index.php\/wp-json\/wp\/v2\/media?parent=182750"}],"wp:term":[{"taxonomy":"category","embeddable":true,"href":"https:\/\/cdnoticias.com\/index.php\/wp-json\/wp\/v2\/categories?post=182750"},{"taxonomy":"post_tag","embeddable":true,"href":"https:\/\/cdnoticias.com\/index.php\/wp-json\/wp\/v2\/tags?post=182750"}],"curies":[{"name":"wp","href":"https:\/\/api.w.org\/{rel}","templated":true}]}}