{"id":18274,"date":"2021-04-08T11:48:57","date_gmt":"2021-04-08T14:48:57","guid":{"rendered":"http:\/\/www.centraldenoticias.com.ar\/?p=18274"},"modified":"2021-04-08T15:03:21","modified_gmt":"2021-04-08T18:03:21","slug":"toma-del-barrio-lourdes-nadie-tiene-ganas-de-pasar-por-eso","status":"publish","type":"post","link":"https:\/\/cdnoticias.com\/index.php\/2021\/04\/08\/toma-del-barrio-lourdes-nadie-tiene-ganas-de-pasar-por-eso\/","title":{"rendered":"Toma del barrio Lourdes: \u201cNadie tiene ganas de pasar por eso\u201d"},"content":{"rendered":"<p>El referente social Emiliano Llorente estuvo en la toma de terrenos en el barrio Lourdes y dej\u00f3 en claro que la ausencia del Estado es total: \u201c no se acerc\u00f3 un solo funcionario ni del Municipio, ni de Provincia, ni de Naci\u00f3n\u201d.<!--more--><\/p>\n<hr \/>\n<p>En el marco de la <strong>toma de terrenos del barrio Lourdes<\/strong>, tras d\u00edas de incertidumbre y espera por lo que pueda pasar con la decisi\u00f3n judicial por el desalojo de las familias,<strong> el referente social Emiliano Llorente se acerc\u00f3 al lugar y denunci\u00f3 \u201cla falta de respuestas del Estado\u201d.<\/strong><\/p>\n<p>&nbsp;<\/p>\n<p>En un comunicado titulado \u201cEstado ausente\u201d dijo que <em>\u201cninguna familia de la toma tiene ganas de estar ah\u00ed, ma\u00f1ana y tarde quema el sol, en la noche pega el frio de la intemperie y se amanece empapado de roc\u00edo, ir a laburar con hambre, olor a humo de basura y cansancio, para volver a luchar por un pedacito de tierra donde vivir, donde criar a sus hijxs\u201d.<\/em><\/p>\n<p>&nbsp;<\/p>\n<blockquote><p>Insisti\u00f3 en que \u201cno qued\u00f3 otra\u201d dado que no hay \u201cpol\u00edticas p\u00fablicas de viviendas, sin acceso a la tierra para los sectores populares despu\u00e9s de un a\u00f1o de cuarentena que destrozo la econom\u00eda del pa\u00eds\u201d.<\/p><\/blockquote>\n<p>&nbsp;<\/p>\n<p>A partir de este punto carg\u00f3 contra el Estado dado que no hubo respuestas:<strong><em> \u201cya lleva 5 d\u00edas la toma y no se acerc\u00f3 un solo funcionario ni del Municipio, ni de Provincia, ni de Naci\u00f3n. Nunca mayor ejemplo que estos d\u00edas para corroborar la ausencia del estado en los sectores populares\u201d.<\/em><\/strong><\/p>\n<p>&nbsp;<\/p>\n<blockquote><p>\u201cNo pueden dejar de lado el pragmatismo pol\u00edtico, menos en un a\u00f1o electoral, no puede parar de pensar en que foto suma y cual no. No les interesa que m\u00e1s de 100 familias no tengan donde vivir, que lleguen a exponer sus vidas, las de sus hijos, que tengan que pasar por la peor de las situaciones para ser escuchados\u201d.<\/p><\/blockquote>\n<p>&nbsp;<\/p>\n<p>Para cerrar, indic\u00f3 que esta ausencia del Estado <em>\u201cla llevan adelante personas, personas que, a trav\u00e9s del voto popular, fueron elegidos por el pueblo, pero se los puso ah\u00ed para ejercer funciones que no est\u00e1n cumpliendo. <strong>Espero que muchos no duerman tranquilos esta noche, como no van a dormir todas las familias del acampe<\/strong>\u201d<\/em> cerr\u00f3, con dureza.<\/p>\n","protected":false},"excerpt":{"rendered":"<p>El referente social Emiliano Llorente estuvo en la toma de terrenos en el barrio Lourdes y dej\u00f3 en claro que<\/p>\n","protected":false},"author":2,"featured_media":18301,"comment_status":"closed","ping_status":"closed","sticky":false,"template":"","format":"standard","meta":{"_jetpack_memberships_contains_paid_content":false,"footnotes":""},"categories":[5,1],"tags":[],"class_list":["post-18274","post","type-post","status-publish","format-standard","has-post-thumbnail","hentry","category-informacion-general","category-portada"],"jetpack_featured_media_url":"https:\/\/i0.wp.com\/cdnoticias.com\/wp-content\/uploads\/2021\/04\/Emiliano-Llorente-Lourdes.jpg?fit=945%2C489&ssl=1","jetpack_sharing_enabled":true,"_links":{"self":[{"href":"https:\/\/cdnoticias.com\/index.php\/wp-json\/wp\/v2\/posts\/18274","targetHints":{"allow":["GET"]}}],"collection":[{"href":"https:\/\/cdnoticias.com\/index.php\/wp-json\/wp\/v2\/posts"}],"about":[{"href":"https:\/\/cdnoticias.com\/index.php\/wp-json\/wp\/v2\/types\/post"}],"author":[{"embeddable":true,"href":"https:\/\/cdnoticias.com\/index.php\/wp-json\/wp\/v2\/users\/2"}],"replies":[{"embeddable":true,"href":"https:\/\/cdnoticias.com\/index.php\/wp-json\/wp\/v2\/comments?post=18274"}],"version-history":[{"count":0,"href":"https:\/\/cdnoticias.com\/index.php\/wp-json\/wp\/v2\/posts\/18274\/revisions"}],"wp:featuredmedia":[{"embeddable":true,"href":"https:\/\/cdnoticias.com\/index.php\/wp-json\/wp\/v2\/media\/18301"}],"wp:attachment":[{"href":"https:\/\/cdnoticias.com\/index.php\/wp-json\/wp\/v2\/media?parent=18274"}],"wp:term":[{"taxonomy":"category","embeddable":true,"href":"https:\/\/cdnoticias.com\/index.php\/wp-json\/wp\/v2\/categories?post=18274"},{"taxonomy":"post_tag","embeddable":true,"href":"https:\/\/cdnoticias.com\/index.php\/wp-json\/wp\/v2\/tags?post=18274"}],"curies":[{"name":"wp","href":"https:\/\/api.w.org\/{rel}","templated":true}]}}