{"id":18268,"date":"2021-04-08T11:21:59","date_gmt":"2021-04-08T14:21:59","guid":{"rendered":"http:\/\/www.centraldenoticias.com.ar\/?p=18268"},"modified":"2021-04-08T12:43:13","modified_gmt":"2021-04-08T15:43:13","slug":"kicillof-anuncio-nuevas-medidas-en-el-sistema-de-fases-provincial","status":"publish","type":"post","link":"https:\/\/cdnoticias.com\/index.php\/2021\/04\/08\/kicillof-anuncio-nuevas-medidas-en-el-sistema-de-fases-provincial\/","title":{"rendered":"Kicillof anunci\u00f3 nuevas medidas en el sistema de fases provincial"},"content":{"rendered":"<p>Habr\u00e1 m\u00e1s restricciones horarias. \u201cEl logro de que no haya faltado atenci\u00f3n sanitaria est\u00e1 en peligro\u201d alert\u00f3 el Gobernador. Olavarr\u00eda sigue en Fase 4, aunque se aguarda el decreto nacional.<!--more--><\/p>\n<hr \/>\n<p><strong>La Provincia de Buenos Aires tendr\u00e1 nuevas disposiciones en cuanto a horarios de circulaci\u00f3n y actividad comercial para los municipios en Fase 3, 4 y 5 en el marco del panorama sanitario con aumento exponencial de casos de Covid y riesgo de colapso de los servicios de salud<\/strong>. A su vez, se adelant\u00f3 que se impondr\u00e1n \u201cseveras multas\u201d para los infractores y se requerir\u00e1 adhesi\u00f3n de los municipios.<\/p>\n<p>&nbsp;<\/p>\n<blockquote><p>\u201cLas <a href=\"https:\/\/cdnoticias.com\/index.php\/2021\/04\/07\/el-presidente-anuncio-importantes-restricciones-les-ruego-que-me-acompanen-en-este-nuevo-esfuerzo\/\" target=\"_blank\" rel=\"noopener\">medidas de Alberto Fern\u00e1ndez<\/a> se van a aplicar al pie de la letra en la provincia. Pero adem\u00e1s vamos a adaptarlas al sistema de fases\u201d dijo el gobernador Axel Kicillof en la conferencia que brind\u00f3 en la ma\u00f1ana de este jueves.<\/p><\/blockquote>\n<p>&nbsp;<\/p>\n<p>Fue en La Plata, en la Casa de Gobierno, donde estuvo acompa\u00f1ado por el jefe de Gabinete, Carlos Bianco, y el viceministro de Salud, Nicol\u00e1s Kreplak.<\/p>\n<p>&nbsp;<\/p>\n<p>Dio a conocer que <strong>los municipios en Fase 5 van a tener restricci\u00f3n horaria de 2 a 6 AM, para circulaci\u00f3n y cierre de negocios<\/strong>.<\/p>\n<p>&nbsp;<\/p>\n<p>Los <strong>distritos en Fase 4 tendr\u00e1n restricci\u00f3n horaria total de 0 a 6 AM para circulaci\u00f3n y cierre de negocios<\/strong>. En este grupo <strong>est\u00e1 incluido Olavarr\u00eda<\/strong> y la restricci\u00f3n est\u00e1 <a href=\"https:\/\/cdnoticias.com\/index.php\/2021\/04\/05\/una-por-una-las-nuevas-restricciones-por-la-segunda-ola-de-covid-en-olavarria\/\" target=\"_blank\" rel=\"noopener\">acorde a lo que marc\u00f3 el \u00faltimo decreto que dispuso Ezequiel Galli<\/a>.<\/p>\n<p>&nbsp;<\/p>\n<p>En tanto, <strong>los municipios en Fase 3<\/strong> -\u201cque coinciden con lo anunciado por el Presidente\u201d dijo en referencias- tendr\u00e1n <strong>cierre de locales de gastronom\u00eda de 23 a 6 AM, prohibici\u00f3n de circular de 0 a 6 AM, y se agreg\u00f3 el cierre de comercios en general de 20 a 6 AM<\/strong>.\u00a0En principio, s\u00f3lo afectar\u00e1 al conurbano.<\/p>\n<p><img data-recalc-dims=\"1\" loading=\"lazy\" decoding=\"async\" class=\"aligncenter wp-image-18270\" src=\"https:\/\/i0.wp.com\/cdnoticias.com\/wp-content\/uploads\/2021\/04\/conferencia-fases.jpg?resize=800%2C445&#038;ssl=1\" alt=\"\" width=\"800\" height=\"445\" srcset=\"https:\/\/i0.wp.com\/cdnoticias.com\/wp-content\/uploads\/2021\/04\/conferencia-fases.jpg?resize=300%2C167&amp;ssl=1 300w, https:\/\/i0.wp.com\/cdnoticias.com\/wp-content\/uploads\/2021\/04\/conferencia-fases.jpg?resize=768%2C427&amp;ssl=1 768w, https:\/\/i0.wp.com\/cdnoticias.com\/wp-content\/uploads\/2021\/04\/conferencia-fases.jpg?resize=800%2C445&amp;ssl=1 800w, https:\/\/i0.wp.com\/cdnoticias.com\/wp-content\/uploads\/2021\/04\/conferencia-fases.jpg?w=978&amp;ssl=1 978w\" sizes=\"auto, (max-width: 800px) 100vw, 800px\" \/><\/p>\n<p>&nbsp;<\/p>\n<p>Sobre el cierre de la conferencia, <strong>se aclar\u00f3 que la aplicaci\u00f3n de las fases por distrito se coordinar\u00e1 con lo que establezca el decreto nacional, que a\u00fan no se public\u00f3<\/strong>. Las zonas que en el decreto se se\u00f1alen como las de mayor riesgo estar\u00e1n en Fase 3. \u201cCuando conozcamos la letra del decreto nacional va a salir la lista de municipios\u201d subray\u00f3.<\/p>\n<p>&nbsp;<\/p>\n<p><strong>M\u00e1s medidas<\/strong><\/p>\n<p>&nbsp;<\/p>\n<p>A su vez, <strong>el gobernador adelant\u00f3 que se establecer\u00e1n nuevas y severas multas para los infractores y los municipios deber\u00e1n adherir a la normativa<\/strong>.<\/p>\n<p>&nbsp;<\/p>\n<p>\u201cVamos a invitar a los municipios a adherir y a que el estacionamiento en los lugares c\u00e9ntricos sea libre porque hay limitaciones de transporte en las zonas m\u00e1s afectadas\u201d dijo Kicillof.<\/p>\n<p>&nbsp;<\/p>\n<p>Paralelamente <strong>anunci\u00f3 \u201cmedidas de sost\u00e9n econ\u00f3mico\u201d que \u201ccomplementan las medidas nacionales\u201d<\/strong>. En ese marco enumer\u00f3 el Repro, el programa Preservar Trabajo, l\u00edneas de cr\u00e9dito del Banco Provincia, de los Ministerios de Producci\u00f3n y de Desarrollo Agrario, y planes de pago para moratorias impositivas.<\/p>\n<p>&nbsp;<\/p>\n<p><strong>\u201cEn el aspecto social vamos a reforzar partidas de Desarrollo de la Comunidad\u201d<\/strong> dijo Axel Kicillof. Inform\u00f3 que desde marzo de 2020 a hoy se triplic\u00f3 la inversi\u00f3n en los comedores escolares: \u201cvamos a seguir con esa triplicaci\u00f3n para este a\u00f1o\u201d y estim\u00f3 que la partida anual llegar\u00e1 a 32 mil millones de pesos para alcanzar a 1.722.000 beneficiarios.<\/p>\n<p><img data-recalc-dims=\"1\" loading=\"lazy\" decoding=\"async\" class=\"aligncenter wp-image-18272 size-full\" src=\"https:\/\/i0.wp.com\/cdnoticias.com\/wp-content\/uploads\/2021\/04\/conferencia-kicillof-01.jpg?resize=800%2C445&#038;ssl=1\" alt=\"\" width=\"800\" height=\"445\" srcset=\"https:\/\/i0.wp.com\/cdnoticias.com\/wp-content\/uploads\/2021\/04\/conferencia-kicillof-01.jpg?w=800&amp;ssl=1 800w, https:\/\/i0.wp.com\/cdnoticias.com\/wp-content\/uploads\/2021\/04\/conferencia-kicillof-01.jpg?resize=300%2C167&amp;ssl=1 300w, https:\/\/i0.wp.com\/cdnoticias.com\/wp-content\/uploads\/2021\/04\/conferencia-kicillof-01.jpg?resize=768%2C427&amp;ssl=1 768w\" sizes=\"auto, (max-width: 800px) 100vw, 800px\" \/><\/p>\n<p>&nbsp;<\/p>\n<p><strong>Colapso del sistema de salud<\/strong><\/p>\n<p>&nbsp;<\/p>\n<p>El mandatario, \u00fanico orador en la conferencia, hizo hincapi\u00e9 en que pas\u00f3 \u201cun a\u00f1o sin que se saturara el sistema de salud\u201d y que se logr\u00f3 atravesar la crisis sanitaria por la pandemia aunque <strong>hace \u201ctres semanas que se ve un escalamiento de casos, tambi\u00e9n se han completando las terapias intensivas\u201d<\/strong>.<\/p>\n<p>&nbsp;<\/p>\n<blockquote><p>\u201cHoy podemos decir que el logro de que no haya faltado atenci\u00f3n sanitaria est\u00e1 en peligro\u201d alert\u00f3.<\/p><\/blockquote>\n<p>&nbsp;<\/p>\n<p>En ese contexto, se\u00f1al\u00f3 que <strong>se encontraron en el \u00e1mbito provincial \u201cla cepa Manaos y del Reino Unido\u201d<\/strong> del virus, que \u201cson m\u00e1s peligrosas y contagiosas\u201d.<\/p>\n<p>&nbsp;<\/p>\n<p>Tras hacer referencia al <a href=\"https:\/\/cdnoticias.com\/index.php\/2021\/04\/08\/cifra-record-en-la-provincia-82-138-vacunados-contra-el-covid\/\" target=\"_blank\" rel=\"noopener\">r\u00e9cord de vacunados alcanzado el mi\u00e9rcoles<\/a> en la provincia, con 82 mil dosis aplicadas, Kicillof sostuvo que <strong>\u201cesta es una carrera entre el virus y la vacuna. Estamos vacunando lo m\u00e1s r\u00e1pido posible\u201d<\/strong>.<\/p>\n<p>&nbsp;<\/p>\n<p>En la semana pr\u00f3xima, la Provincia espera poder completar con la vacunaci\u00f3n la cobertura del total del personal de salud, la mitad del personal docente, todos los mayores de 70 a\u00f1os y los inscriptos de 60 a 70 a\u00f1os con comorbilidades.<\/p>\n","protected":false},"excerpt":{"rendered":"<p>Habr\u00e1 m\u00e1s restricciones horarias. \u201cEl logro de que no haya faltado atenci\u00f3n sanitaria est\u00e1 en peligro\u201d alert\u00f3 el Gobernador. Olavarr\u00eda<\/p>\n","protected":false},"author":4,"featured_media":18271,"comment_status":"closed","ping_status":"closed","sticky":false,"template":"","format":"standard","meta":{"_jetpack_memberships_contains_paid_content":false,"footnotes":""},"categories":[6,1],"tags":[],"class_list":["post-18268","post","type-post","status-publish","format-standard","has-post-thumbnail","hentry","category-nacionales","category-portada"],"jetpack_featured_media_url":"https:\/\/i0.wp.com\/cdnoticias.com\/wp-content\/uploads\/2021\/04\/conferencia-kicillof-00.jpg?fit=800%2C444&ssl=1","jetpack_sharing_enabled":true,"_links":{"self":[{"href":"https:\/\/cdnoticias.com\/index.php\/wp-json\/wp\/v2\/posts\/18268","targetHints":{"allow":["GET"]}}],"collection":[{"href":"https:\/\/cdnoticias.com\/index.php\/wp-json\/wp\/v2\/posts"}],"about":[{"href":"https:\/\/cdnoticias.com\/index.php\/wp-json\/wp\/v2\/types\/post"}],"author":[{"embeddable":true,"href":"https:\/\/cdnoticias.com\/index.php\/wp-json\/wp\/v2\/users\/4"}],"replies":[{"embeddable":true,"href":"https:\/\/cdnoticias.com\/index.php\/wp-json\/wp\/v2\/comments?post=18268"}],"version-history":[{"count":0,"href":"https:\/\/cdnoticias.com\/index.php\/wp-json\/wp\/v2\/posts\/18268\/revisions"}],"wp:featuredmedia":[{"embeddable":true,"href":"https:\/\/cdnoticias.com\/index.php\/wp-json\/wp\/v2\/media\/18271"}],"wp:attachment":[{"href":"https:\/\/cdnoticias.com\/index.php\/wp-json\/wp\/v2\/media?parent=18268"}],"wp:term":[{"taxonomy":"category","embeddable":true,"href":"https:\/\/cdnoticias.com\/index.php\/wp-json\/wp\/v2\/categories?post=18268"},{"taxonomy":"post_tag","embeddable":true,"href":"https:\/\/cdnoticias.com\/index.php\/wp-json\/wp\/v2\/tags?post=18268"}],"curies":[{"name":"wp","href":"https:\/\/api.w.org\/{rel}","templated":true}]}}