{"id":182656,"date":"2025-09-17T18:51:10","date_gmt":"2025-09-17T21:51:10","guid":{"rendered":"https:\/\/cdnoticias.com\/?p=182656"},"modified":"2025-09-18T09:02:35","modified_gmt":"2025-09-18T12:02:35","slug":"tercera-marcha-federal-universitaria-gran-marco-de-publico-en-las-calles","status":"publish","type":"post","link":"https:\/\/cdnoticias.com\/index.php\/2025\/09\/17\/tercera-marcha-federal-universitaria-gran-marco-de-publico-en-las-calles\/","title":{"rendered":"Tercera Marcha Federal Universitaria: gran marco de p\u00fablico en las calles\u00a0"},"content":{"rendered":"\n<p>Los olavarrienses se concentraron en la Facultad de Ciencias de la Salud para luego marchar en rechazo al veto presidencial de Javier Milei a la ley de financiamiento educativo.<\/p>\n\n\n\n<hr class=\"wp-block-separator aligncenter has-alpha-channel-opacity\"\/>\n\n\n\n<p>Este mi\u00e9rcoles por la tarde<strong> la comunidad universitaria,\u00a0 vecinos autoconvocados, gremios, sindicatos, movimientos estudiantiles, jubilados y sectores de la salud p\u00fablica<\/strong> de nuestra ciudad salieron a las calles en lo que fue la <strong>Tercera Marcha Federal Universitaria <\/strong>en <strong>rechazo al veto presidencial de Javier Milei a la ley de financiamiento universitario. <\/strong><\/p>\n\n\n\n<p><\/p>\n\n\n\n<p>La decana de la Facultad de Ingenier\u00eda, <strong>Mar\u00eda Peralta <\/strong>junto al decano de la Facultad de Ciencias Sociales, <strong>Gustavo Flensborg y<\/strong> el decano de la Facultad de Ciencias de la Salud, <strong>Gustavo Otegui<\/strong> estuvieron presentes en la marcha junto a <strong>estudiantes, graduados y personal no docente.<\/strong><\/p>\n\n\n\n<p><\/p>\n\n\n\n<p>Al c\u00e1ntico de \u201c<em>universidad de los trabajadores, y al que no le gusta se jode, se jode<\/em>\u201d las voces se hicieron o\u00edr fuertemente en las calles con <strong>banderas, consignas y carteles en apoyo a la universidad.\u00a0<\/strong><\/p>\n\n\n\n<p><\/p>\n\n\n\n<figure class=\"wp-block-image aligncenter size-full\"><img data-recalc-dims=\"1\" loading=\"lazy\" decoding=\"async\" width=\"800\" height=\"600\" src=\"https:\/\/i0.wp.com\/cdnoticias.com\/wp-content\/uploads\/2025\/09\/marcha-tercera-2.jpg?resize=800%2C600&#038;ssl=1\" alt=\"\" class=\"wp-image-182655\" srcset=\"https:\/\/i0.wp.com\/cdnoticias.com\/wp-content\/uploads\/2025\/09\/marcha-tercera-2.jpg?w=900&amp;ssl=1 900w, https:\/\/i0.wp.com\/cdnoticias.com\/wp-content\/uploads\/2025\/09\/marcha-tercera-2.jpg?resize=300%2C225&amp;ssl=1 300w, https:\/\/i0.wp.com\/cdnoticias.com\/wp-content\/uploads\/2025\/09\/marcha-tercera-2.jpg?resize=768%2C576&amp;ssl=1 768w\" sizes=\"auto, (max-width: 800px) 100vw, 800px\" \/><\/figure>\n\n\n\n<p><\/p>\n\n\n\n<blockquote class=\"wp-block-quote is-layout-flow wp-block-quote-is-layout-flow\">\n<p>El recorrido comenz\u00f3 en la Facultad de Ciencias de la Salud ubicada en avenida Pringles y lleg\u00f3 finalmente al Paseo Jes\u00fas Mend\u00eda donde se enton\u00f3 el Himno Nacional Argentino y todos los claustros tomaron la palabra para reflexionar sobre el desfinanciamiento universitario.\u00a0<\/p>\n<\/blockquote>\n\n\n\n<p><\/p>\n\n\n\n<p>En conjunto, <strong>Ludmila Adad, Agust\u00edn Dal Poggeto, Yessica Almeida y Mat\u00edas Zaffora<\/strong> agradecieron a <strong><em>\u201cla sociedad argentina por esta muestra extraordinaria de solidaridad con la universidad p\u00fablica y las causas justas\u201d.\u00a0<\/em><\/strong><\/p>\n\n\n\n<p><\/p>\n\n\n\n<figure class=\"wp-block-image aligncenter size-full\"><img data-recalc-dims=\"1\" loading=\"lazy\" decoding=\"async\" width=\"800\" height=\"450\" src=\"https:\/\/i0.wp.com\/cdnoticias.com\/wp-content\/uploads\/2025\/09\/tercera-marcha-federal-universitaria4.jpg?resize=800%2C450&#038;ssl=1\" alt=\"\" class=\"wp-image-182644\" srcset=\"https:\/\/i0.wp.com\/cdnoticias.com\/wp-content\/uploads\/2025\/09\/tercera-marcha-federal-universitaria4.jpg?w=900&amp;ssl=1 900w, https:\/\/i0.wp.com\/cdnoticias.com\/wp-content\/uploads\/2025\/09\/tercera-marcha-federal-universitaria4.jpg?resize=300%2C169&amp;ssl=1 300w, https:\/\/i0.wp.com\/cdnoticias.com\/wp-content\/uploads\/2025\/09\/tercera-marcha-federal-universitaria4.jpg?resize=768%2C432&amp;ssl=1 768w\" sizes=\"auto, (max-width: 800px) 100vw, 800px\" \/><\/figure>\n\n\n\n<p><\/p>\n\n\n\n<blockquote class=\"wp-block-quote is-layout-flow wp-block-quote-is-layout-flow\">\n<p>\u201cVamos a estar atentos a la decisi\u00f3n de los Senadores. Con este gobierno la lucha siempre contin\u00faa, Salimos a la calle por tercera vez para pedirle al gobierno del presidente Javier Milei que cese ya en el hostigamiento\u201d subrayaron.\u00a0<\/p>\n<\/blockquote>\n\n\n\n<p><\/p>\n\n\n\n<p>Y agregaron: \u201cSomos <strong>millones de personas que todos los d\u00edas asistimos a nuestras universidades en busca de una vida mejor y de un pa\u00eds mejor.<\/strong> Son ustedes, nuestros representantes en el Congreso quienes tienen en sus manos la <strong>decisi\u00f3n para sostener la educaci\u00f3n superior y el sistema cient\u00edfico<\/strong>. Estamos ac\u00e1 para <strong>pedirles que act\u00faen con memoria\u201d.\u00a0<\/strong><\/p>\n\n\n\n<p><\/p>\n\n\n\n<p>Al mismo tiempo, en el Congreso de la Naci\u00f3n, <strong>la C\u00e1mara de Diputados rechaz\u00f3 el veto del presidente Milei a la Ley de Financiamiento Universitario y la declaraci\u00f3n de Emergencia en Pediatr\u00eda.\u00a0<\/strong><\/p>\n\n\n\n<p><\/p>\n\n\n\n<figure class=\"wp-block-image aligncenter size-full\"><img data-recalc-dims=\"1\" loading=\"lazy\" decoding=\"async\" width=\"800\" height=\"537\" src=\"https:\/\/i0.wp.com\/cdnoticias.com\/wp-content\/uploads\/2025\/09\/tercera-marcha-federal-universitaria8.jpg?resize=800%2C537&#038;ssl=1\" alt=\"\" class=\"wp-image-182647\" srcset=\"https:\/\/i0.wp.com\/cdnoticias.com\/wp-content\/uploads\/2025\/09\/tercera-marcha-federal-universitaria8.jpg?w=875&amp;ssl=1 875w, https:\/\/i0.wp.com\/cdnoticias.com\/wp-content\/uploads\/2025\/09\/tercera-marcha-federal-universitaria8.jpg?resize=300%2C201&amp;ssl=1 300w, https:\/\/i0.wp.com\/cdnoticias.com\/wp-content\/uploads\/2025\/09\/tercera-marcha-federal-universitaria8.jpg?resize=768%2C515&amp;ssl=1 768w, https:\/\/i0.wp.com\/cdnoticias.com\/wp-content\/uploads\/2025\/09\/tercera-marcha-federal-universitaria8.jpg?resize=272%2C182&amp;ssl=1 272w\" sizes=\"auto, (max-width: 800px) 100vw, 800px\" \/><\/figure>\n\n\n\n<p><\/p>\n\n\n\n<p>La marcha<strong> se replic\u00f3 en todo el pa\u00eds <\/strong>donde adem\u00e1s se pudo ver diversos actores pol\u00edticos acompa\u00f1ando la jornada.\u00a0Las medidas de fuerza comenzaron en el d\u00eda de ayer con un <strong>apag\u00f3n en apoyo a las universidades y un paro de docentes y no docentes <\/strong>a trav\u00e9s de los sindicatos Aduce y Atuncpba con adhesi\u00f3n total de los trabajadores de Unicen.<\/p>\n\n\n\n<p><\/p>\n\n\n<blockquote class=\"wp-embedded-content\" data-secret=\"Opa4tv0FyM\"><a href=\"https:\/\/cdnoticias.com\/index.php\/2025\/09\/17\/la-importante-movilizacion-en-defensa-de-la-universidad-publica-en-fotos\/\">La importante movilizaci\u00f3n en defensa de la Universidad P\u00fablica en fotos<\/a><\/blockquote><iframe loading=\"lazy\" class=\"wp-embedded-content\" sandbox=\"allow-scripts\" security=\"restricted\" style=\"position: absolute; visibility: hidden;\" title=\"&#8220;La importante movilizaci\u00f3n en defensa de la Universidad P\u00fablica en fotos&#8221; &#8212; Central de Noticias | Olavarr\u00eda\" src=\"https:\/\/cdnoticias.com\/index.php\/2025\/09\/17\/la-importante-movilizacion-en-defensa-de-la-universidad-publica-en-fotos\/embed\/#?secret=xIgkiBjzhS#?secret=Opa4tv0FyM\" data-secret=\"Opa4tv0FyM\" width=\"600\" height=\"338\" frameborder=\"0\" marginwidth=\"0\" marginheight=\"0\" scrolling=\"no\"><\/iframe>\n","protected":false},"excerpt":{"rendered":"<p>Los olavarrienses se concentraron en la Facultad de Ciencias de la Salud para luego marchar en rechazo al veto presidencial<\/p>\n","protected":false},"author":6,"featured_media":182652,"comment_status":"closed","ping_status":"closed","sticky":false,"template":"","format":"standard","meta":{"_jetpack_memberships_contains_paid_content":false,"footnotes":""},"categories":[5,1],"tags":[],"class_list":["post-182656","post","type-post","status-publish","format-standard","has-post-thumbnail","hentry","category-informacion-general","category-portada"],"jetpack_featured_media_url":"https:\/\/i0.wp.com\/cdnoticias.com\/wp-content\/uploads\/2025\/09\/marcha-universidad-tercera3.jpg?fit=900%2C675&ssl=1","jetpack_sharing_enabled":true,"_links":{"self":[{"href":"https:\/\/cdnoticias.com\/index.php\/wp-json\/wp\/v2\/posts\/182656","targetHints":{"allow":["GET"]}}],"collection":[{"href":"https:\/\/cdnoticias.com\/index.php\/wp-json\/wp\/v2\/posts"}],"about":[{"href":"https:\/\/cdnoticias.com\/index.php\/wp-json\/wp\/v2\/types\/post"}],"author":[{"embeddable":true,"href":"https:\/\/cdnoticias.com\/index.php\/wp-json\/wp\/v2\/users\/6"}],"replies":[{"embeddable":true,"href":"https:\/\/cdnoticias.com\/index.php\/wp-json\/wp\/v2\/comments?post=182656"}],"version-history":[{"count":0,"href":"https:\/\/cdnoticias.com\/index.php\/wp-json\/wp\/v2\/posts\/182656\/revisions"}],"wp:featuredmedia":[{"embeddable":true,"href":"https:\/\/cdnoticias.com\/index.php\/wp-json\/wp\/v2\/media\/182652"}],"wp:attachment":[{"href":"https:\/\/cdnoticias.com\/index.php\/wp-json\/wp\/v2\/media?parent=182656"}],"wp:term":[{"taxonomy":"category","embeddable":true,"href":"https:\/\/cdnoticias.com\/index.php\/wp-json\/wp\/v2\/categories?post=182656"},{"taxonomy":"post_tag","embeddable":true,"href":"https:\/\/cdnoticias.com\/index.php\/wp-json\/wp\/v2\/tags?post=182656"}],"curies":[{"name":"wp","href":"https:\/\/api.w.org\/{rel}","templated":true}]}}