{"id":18264,"date":"2021-04-08T10:26:15","date_gmt":"2021-04-08T13:26:15","guid":{"rendered":"http:\/\/www.centraldenoticias.com.ar\/?p=18264"},"modified":"2021-04-08T11:22:37","modified_gmt":"2021-04-08T14:22:37","slug":"cifra-record-en-la-provincia-82-138-vacunados-contra-el-covid","status":"publish","type":"post","link":"https:\/\/cdnoticias.com\/index.php\/2021\/04\/08\/cifra-record-en-la-provincia-82-138-vacunados-contra-el-covid\/","title":{"rendered":"Cifra r\u00e9cord en la Provincia: 82.138 vacunados contra el Covid"},"content":{"rendered":"<p>Se registr\u00f3 en la jornada del mi\u00e9rcoles y fue informado por la Gobernaci\u00f3n. Paralelamente se dio el pico de contagios nacional: m\u00e1s de 22 mil de los cuales, la mitad, fueron bonaerenses.<!--more--><\/p>\n<hr \/>\n<p><strong>La gesti\u00f3n provincial celebr\u00f3 el mi\u00e9rcoles el r\u00e9cord de personas vacunadas en un d\u00eda: 82.138 vecinos del territorio bonaerenses recibieron dosis contra el Covid<\/strong>.<\/p>\n<p>&nbsp;<\/p>\n<blockquote><p>\u201cGracias a todos los y las bonaerenses que ponen el hombro para cuidarse y cuidar a los dem\u00e1s. Hoy m\u00e1s que nunca tenemos que ser solidarios\u201d se valor\u00f3 desde la Gobernaci\u00f3n provincial.<\/p><\/blockquote>\n<p><img data-recalc-dims=\"1\" loading=\"lazy\" decoding=\"async\" class=\"aligncenter wp-image-18266\" src=\"https:\/\/i0.wp.com\/cdnoticias.com\/wp-content\/uploads\/2021\/04\/record-de-vacunacion.jpg?resize=400%2C400&#038;ssl=1\" alt=\"\" width=\"400\" height=\"400\" srcset=\"https:\/\/i0.wp.com\/cdnoticias.com\/wp-content\/uploads\/2021\/04\/record-de-vacunacion.jpg?resize=300%2C300&amp;ssl=1 300w, https:\/\/i0.wp.com\/cdnoticias.com\/wp-content\/uploads\/2021\/04\/record-de-vacunacion.jpg?resize=150%2C150&amp;ssl=1 150w, https:\/\/i0.wp.com\/cdnoticias.com\/wp-content\/uploads\/2021\/04\/record-de-vacunacion.jpg?resize=768%2C768&amp;ssl=1 768w, https:\/\/i0.wp.com\/cdnoticias.com\/wp-content\/uploads\/2021\/04\/record-de-vacunacion.jpg?resize=1024%2C1024&amp;ssl=1 1024w, https:\/\/i0.wp.com\/cdnoticias.com\/wp-content\/uploads\/2021\/04\/record-de-vacunacion.jpg?w=1081&amp;ssl=1 1081w\" sizes=\"auto, (max-width: 400px) 100vw, 400px\" \/><\/p>\n<p>&nbsp;<\/p>\n<p>En la Sala de Situaci\u00f3n se inform\u00f3 que<strong> se han aplicado hasta ahora en Olavarr\u00eda 11.034 dosis, de las cuales 8.261 son primera dosis y 2.773 de la segunda<\/strong>.<\/p>\n<p>&nbsp;<\/p>\n<blockquote class=\"twitter-tweet\">\n<p dir=\"ltr\" lang=\"es\">El r\u00e9cord de 82.138 bonaerenses vacunados en un d\u00eda contrasta con el otro r\u00e9cord: los 11.059 contagios. Nunca fue tan claro lo que hay que hacer: ganar tiempo con medidas que permitan frenar los casos, mientras vacunamos a los grupos de riesgo. <a href=\"https:\/\/t.co\/hAQQg5NCkh\">pic.twitter.com\/hAQQg5NCkh<\/a><\/p>\n<p>\u2014 Daniel Gollan (@DrDanielGollan) <a href=\"https:\/\/twitter.com\/DrDanielGollan\/status\/1379930655275020289?ref_src=twsrc%5Etfw\">April 7, 2021<\/a><\/p><\/blockquote>\n<p><script async src=\"https:\/\/platform.twitter.com\/widgets.js\" charset=\"utf-8\"><\/script><br \/>\n<strong>Este mi\u00e9rcoles se hab\u00edan asignado 750 turnos entre el Servicio Territorial 2 y el Hospital de Oncolog\u00eda<\/strong>, sedes donde este jueves contin\u00faa la vacunaci\u00f3n.<\/p>\n<p>&nbsp;<\/p>\n<p>En tanto, <strong>tambi\u00e9n en Olavarr\u00eda, el PAMI el mi\u00e9rcoles aplic\u00f3 120 segundas dosis de Sputnik<\/strong> <a href=\"https:\/\/cdnoticias.com\/index.php\/2021\/04\/07\/pami-aplico-en-la-jornada-120-segundas-dosis-de-sputnik-en-residencias-de-adultos-mayores\/\" target=\"_blank\" rel=\"noopener\">en seis residencias de adultos mayores<\/a>. En total <strong>PAMI lleva vacunadas 1.023 personas de Olavarr\u00eda<\/strong> y las localidades con la primera dosis y 215 ya recibieron los dos componentes.<\/p>\n<p>&nbsp;<\/p>\n<blockquote><p>En tanto, el ministro de Salud, Daniel Goll\u00e1n llam\u00f3 la atenci\u00f3n el mi\u00e9rcoles sobre el contexto del dato: \u201cel r\u00e9cord de 82.138 bonaerenses vacunados en un d\u00eda contrasta con el otro r\u00e9cord: los 11.059 contagios\u201d.<\/p><\/blockquote>\n<p>&nbsp;<\/p>\n<blockquote class=\"twitter-tweet\">\n<p dir=\"ltr\" lang=\"es\">Informe diario de la situaci\u00f3n del <a href=\"https:\/\/twitter.com\/hashtag\/coronavirus?src=hash&amp;ref_src=twsrc%5Etfw\">#coronavirus<\/a> en la Provincia de Buenos Aires al d\u00eda 8 de abril. Presentamos la Sala de Situaci\u00f3n COVID19 de <a href=\"https:\/\/twitter.com\/BAProvincia?ref_src=twsrc%5Etfw\">@BAProvincia<\/a> y la informaci\u00f3n sobre la vacunaci\u00f3n.<br \/>\n\ud83d\udc47<a href=\"https:\/\/t.co\/dEAvGEzc0Z\">https:\/\/t.co\/dEAvGEzc0Z<\/a> <a href=\"https:\/\/t.co\/EyEE4Kg42t\">pic.twitter.com\/EyEE4Kg42t<\/a><\/p>\n<p>\u2014 SaludBAP (@SaludBAP) <a href=\"https:\/\/twitter.com\/SaludBAP\/status\/1380121943978999811?ref_src=twsrc%5Etfw\">April 8, 2021<\/a><\/p><\/blockquote>\n<p><script async src=\"https:\/\/platform.twitter.com\/widgets.js\" charset=\"utf-8\"><\/script><br \/>\nCabe se\u00f1alar que<strong> tambi\u00e9n se registr\u00f3 el pico de contagios confirmados nacional, 22.031 nuevos casos<\/strong>, y 199 muertos por coronavirus tal como inform\u00f3 el Ministerio de Salud de la Naci\u00f3n.<\/p>\n<p>&nbsp;<\/p>\n<p>De ellos, la mitad se dieron en el \u00e1mbito provincial para alcanzar los 1.037.954 casos desde el inicio de la pandemia.<\/p>\n<p>&nbsp;<\/p>\n<p>En total se han infectado 2.450.068 argentinos y, de esa cifra, 56.832 personas perdieron la vida por la enfermedad.<\/p>\n","protected":false},"excerpt":{"rendered":"<p>Se registr\u00f3 en la jornada del mi\u00e9rcoles y fue informado por la Gobernaci\u00f3n. Paralelamente se dio el pico de contagios<\/p>\n","protected":false},"author":4,"featured_media":18194,"comment_status":"closed","ping_status":"closed","sticky":false,"template":"","format":"standard","meta":{"_jetpack_memberships_contains_paid_content":false,"footnotes":""},"categories":[6,1],"tags":[],"class_list":["post-18264","post","type-post","status-publish","format-standard","has-post-thumbnail","hentry","category-nacionales","category-portada"],"jetpack_featured_media_url":"https:\/\/i0.wp.com\/cdnoticias.com\/wp-content\/uploads\/2021\/04\/WhatsApp-Image-2021-04-07-at-12.12.44.jpeg?fit=1280%2C778&ssl=1","jetpack_sharing_enabled":true,"_links":{"self":[{"href":"https:\/\/cdnoticias.com\/index.php\/wp-json\/wp\/v2\/posts\/18264","targetHints":{"allow":["GET"]}}],"collection":[{"href":"https:\/\/cdnoticias.com\/index.php\/wp-json\/wp\/v2\/posts"}],"about":[{"href":"https:\/\/cdnoticias.com\/index.php\/wp-json\/wp\/v2\/types\/post"}],"author":[{"embeddable":true,"href":"https:\/\/cdnoticias.com\/index.php\/wp-json\/wp\/v2\/users\/4"}],"replies":[{"embeddable":true,"href":"https:\/\/cdnoticias.com\/index.php\/wp-json\/wp\/v2\/comments?post=18264"}],"version-history":[{"count":0,"href":"https:\/\/cdnoticias.com\/index.php\/wp-json\/wp\/v2\/posts\/18264\/revisions"}],"wp:featuredmedia":[{"embeddable":true,"href":"https:\/\/cdnoticias.com\/index.php\/wp-json\/wp\/v2\/media\/18194"}],"wp:attachment":[{"href":"https:\/\/cdnoticias.com\/index.php\/wp-json\/wp\/v2\/media?parent=18264"}],"wp:term":[{"taxonomy":"category","embeddable":true,"href":"https:\/\/cdnoticias.com\/index.php\/wp-json\/wp\/v2\/categories?post=18264"},{"taxonomy":"post_tag","embeddable":true,"href":"https:\/\/cdnoticias.com\/index.php\/wp-json\/wp\/v2\/tags?post=18264"}],"curies":[{"name":"wp","href":"https:\/\/api.w.org\/{rel}","templated":true}]}}