{"id":182616,"date":"2025-09-17T12:36:37","date_gmt":"2025-09-17T15:36:37","guid":{"rendered":"https:\/\/cdnoticias.com\/?p=182616"},"modified":"2025-09-17T13:51:25","modified_gmt":"2025-09-17T16:51:25","slug":"gravisimo-siniestro-vial-en-camino-de-los-peregrinos-hay-personas-fallecidas","status":"publish","type":"post","link":"https:\/\/cdnoticias.com\/index.php\/2025\/09\/17\/gravisimo-siniestro-vial-en-camino-de-los-peregrinos-hay-personas-fallecidas\/","title":{"rendered":"Grav\u00edsimo siniestro vial en Camino de los Peregrinos: hay personas fallecidas"},"content":{"rendered":"\n<p>Ocurri\u00f3 durante la ma\u00f1ana de este mi\u00e9rcoles en el limitador de altura.<\/p>\n\n\n\n<hr class=\"wp-block-separator has-alpha-channel-opacity\"\/>\n\n\n\n<p>Este mi\u00e9rcoles por la ma\u00f1ana ocurri\u00f3 un violento siniestro vial en el <strong>Camino de los Peregrinos a metros de ruta 60.<\/strong><\/p>\n\n\n\n<p><\/p>\n\n\n\n<p>Un auto que se dirig\u00eda de Olavarr\u00eda hacia el Cementerio Loma de Paz <strong>impact\u00f3 contra la parte central del limitador de altura.<\/strong><\/p>\n\n\n\n<p><\/p>\n\n\n\n<p><strong>Seg\u00fan se indic\u00f3 en primera instancia hay personas fallecidas.<\/strong> Trabajan en el lugar, jefes policiales y efectivos. El tr\u00e1nsito se encuentra interrumpido en el sector.<\/p>\n\n\n\n<p><\/p>\n\n\n\n<p><\/p>\n\n\n<blockquote class=\"wp-embedded-content\" data-secret=\"j7plkT8iBj\"><a href=\"https:\/\/cdnoticias.com\/index.php\/2025\/09\/17\/una-mujer-y-una-nina-fallecieron-en-un-grave-siniestro-vial\/\">Una mujer y una ni\u00f1a fallecieron en un grave siniestro vial<\/a><\/blockquote><iframe loading=\"lazy\" class=\"wp-embedded-content\" sandbox=\"allow-scripts\" security=\"restricted\" style=\"position: absolute; visibility: hidden;\" title=\"&#8220;Una mujer y una ni\u00f1a fallecieron en un grave siniestro vial&#8221; &#8212; Central de Noticias | Olavarr\u00eda\" src=\"https:\/\/cdnoticias.com\/index.php\/2025\/09\/17\/una-mujer-y-una-nina-fallecieron-en-un-grave-siniestro-vial\/embed\/#?secret=T4oGcE9H5b#?secret=j7plkT8iBj\" data-secret=\"j7plkT8iBj\" width=\"600\" height=\"338\" frameborder=\"0\" marginwidth=\"0\" marginheight=\"0\" scrolling=\"no\"><\/iframe>\n","protected":false},"excerpt":{"rendered":"<p>Ocurri\u00f3 durante la ma\u00f1ana de este mi\u00e9rcoles en el limitador de altura. Este mi\u00e9rcoles por la ma\u00f1ana ocurri\u00f3 un violento<\/p>\n","protected":false},"author":5,"featured_media":182618,"comment_status":"closed","ping_status":"closed","sticky":false,"template":"","format":"standard","meta":{"_jetpack_memberships_contains_paid_content":false,"footnotes":""},"categories":[14,1],"tags":[],"class_list":["post-182616","post","type-post","status-publish","format-standard","has-post-thumbnail","hentry","category-policiales","category-portada"],"jetpack_featured_media_url":"https:\/\/i0.wp.com\/cdnoticias.com\/wp-content\/uploads\/2025\/09\/choque-trabajadores-y-ruta-60-A.jpg?fit=1000%2C556&ssl=1","jetpack_sharing_enabled":true,"_links":{"self":[{"href":"https:\/\/cdnoticias.com\/index.php\/wp-json\/wp\/v2\/posts\/182616","targetHints":{"allow":["GET"]}}],"collection":[{"href":"https:\/\/cdnoticias.com\/index.php\/wp-json\/wp\/v2\/posts"}],"about":[{"href":"https:\/\/cdnoticias.com\/index.php\/wp-json\/wp\/v2\/types\/post"}],"author":[{"embeddable":true,"href":"https:\/\/cdnoticias.com\/index.php\/wp-json\/wp\/v2\/users\/5"}],"replies":[{"embeddable":true,"href":"https:\/\/cdnoticias.com\/index.php\/wp-json\/wp\/v2\/comments?post=182616"}],"version-history":[{"count":0,"href":"https:\/\/cdnoticias.com\/index.php\/wp-json\/wp\/v2\/posts\/182616\/revisions"}],"wp:featuredmedia":[{"embeddable":true,"href":"https:\/\/cdnoticias.com\/index.php\/wp-json\/wp\/v2\/media\/182618"}],"wp:attachment":[{"href":"https:\/\/cdnoticias.com\/index.php\/wp-json\/wp\/v2\/media?parent=182616"}],"wp:term":[{"taxonomy":"category","embeddable":true,"href":"https:\/\/cdnoticias.com\/index.php\/wp-json\/wp\/v2\/categories?post=182616"},{"taxonomy":"post_tag","embeddable":true,"href":"https:\/\/cdnoticias.com\/index.php\/wp-json\/wp\/v2\/tags?post=182616"}],"curies":[{"name":"wp","href":"https:\/\/api.w.org\/{rel}","templated":true}]}}