{"id":182614,"date":"2025-09-17T13:48:16","date_gmt":"2025-09-17T16:48:16","guid":{"rendered":"https:\/\/cdnoticias.com\/?p=182614"},"modified":"2025-09-17T18:51:30","modified_gmt":"2025-09-17T21:51:30","slug":"una-mujer-y-una-nina-fallecieron-en-un-grave-siniestro-vial","status":"publish","type":"post","link":"https:\/\/cdnoticias.com\/index.php\/2025\/09\/17\/una-mujer-y-una-nina-fallecieron-en-un-grave-siniestro-vial\/","title":{"rendered":"Una mujer y una ni\u00f1a fallecieron en un grave siniestro vial"},"content":{"rendered":"\n<p>Ocurri\u00f3 durante la ma\u00f1ana de este mi\u00e9rcoles en el Camino de los Peregrinos, en el limitador de altura. Un ni\u00f1o que tambi\u00e9n iba en el veh\u00edculo fue trasladado de urgencia al Hospital.<\/p>\n\n\n\n<hr class=\"wp-block-separator has-alpha-channel-opacity\"\/>\n\n\n\n<p>Un grav\u00edsimo siniestro vial se produjo <a href=\"https:\/\/cdnoticias.com\/index.php\/2025\/09\/17\/gravisimo-siniestro-vial-en-camino-de-los-peregrinos-hay-personas-fallecidas\/\" target=\"_blank\" rel=\"noreferrer noopener\">durante la ma\u00f1ana de este mi\u00e9rcoles en Camino de los Peregrinos<\/a>. <strong>Un auto Clio conducido por una mujer choc\u00f3 contra la parte central del limitador de altura que se encuentra a metros de ruta 60.<\/strong><\/p>\n\n\n\n<p><\/p>\n\n\n\n<blockquote class=\"wp-block-quote is-layout-flow wp-block-quote-is-layout-flow\">\n<p>En el veh\u00edculo se trasladaban tambi\u00e9n una ni\u00f1a y un ni\u00f1o. Lamentablemente la mujer y la ni\u00f1a fallecieron en el lugar. En tanto, el ni\u00f1o fue trasladado de urgencia al Hospital Municipal en grave estado.<\/p>\n<\/blockquote>\n\n\n\n<p><\/p>\n\n\n\n<p>Seg\u00fan se indic\u00f3, <strong>el auto circulaba en direcci\u00f3n de Olavarr\u00eda hacia el Cementerio Loma de Paz<\/strong>, cuando impact\u00f3 con el limitador. <\/p>\n\n\n\n<p><\/p>\n\n\n\n<p>En el lugar trabajan efectivos policiales, jefes de polic\u00eda, el director de Defensa Civil y personal de emergencia. El tr\u00e1nsito se encuentra interrumpido en el sector. <\/p>\n","protected":false},"excerpt":{"rendered":"<p>Ocurri\u00f3 durante la ma\u00f1ana de este mi\u00e9rcoles en el Camino de los Peregrinos, en el limitador de altura. Un ni\u00f1o<\/p>\n","protected":false},"author":5,"featured_media":182621,"comment_status":"closed","ping_status":"closed","sticky":false,"template":"","format":"standard","meta":{"_jetpack_memberships_contains_paid_content":false,"footnotes":""},"categories":[14,1],"tags":[],"class_list":["post-182614","post","type-post","status-publish","format-standard","has-post-thumbnail","hentry","category-policiales","category-portada"],"jetpack_featured_media_url":"https:\/\/i0.wp.com\/cdnoticias.com\/wp-content\/uploads\/2025\/09\/choque-trabajadores-y-ruta-60-C.jpg?fit=1000%2C556&ssl=1","jetpack_sharing_enabled":true,"_links":{"self":[{"href":"https:\/\/cdnoticias.com\/index.php\/wp-json\/wp\/v2\/posts\/182614","targetHints":{"allow":["GET"]}}],"collection":[{"href":"https:\/\/cdnoticias.com\/index.php\/wp-json\/wp\/v2\/posts"}],"about":[{"href":"https:\/\/cdnoticias.com\/index.php\/wp-json\/wp\/v2\/types\/post"}],"author":[{"embeddable":true,"href":"https:\/\/cdnoticias.com\/index.php\/wp-json\/wp\/v2\/users\/5"}],"replies":[{"embeddable":true,"href":"https:\/\/cdnoticias.com\/index.php\/wp-json\/wp\/v2\/comments?post=182614"}],"version-history":[{"count":0,"href":"https:\/\/cdnoticias.com\/index.php\/wp-json\/wp\/v2\/posts\/182614\/revisions"}],"wp:featuredmedia":[{"embeddable":true,"href":"https:\/\/cdnoticias.com\/index.php\/wp-json\/wp\/v2\/media\/182621"}],"wp:attachment":[{"href":"https:\/\/cdnoticias.com\/index.php\/wp-json\/wp\/v2\/media?parent=182614"}],"wp:term":[{"taxonomy":"category","embeddable":true,"href":"https:\/\/cdnoticias.com\/index.php\/wp-json\/wp\/v2\/categories?post=182614"},{"taxonomy":"post_tag","embeddable":true,"href":"https:\/\/cdnoticias.com\/index.php\/wp-json\/wp\/v2\/tags?post=182614"}],"curies":[{"name":"wp","href":"https:\/\/api.w.org\/{rel}","templated":true}]}}