{"id":182599,"date":"2025-09-17T10:11:33","date_gmt":"2025-09-17T13:11:33","guid":{"rendered":"https:\/\/cdnoticias.com\/?p=182599"},"modified":"2025-09-17T11:51:49","modified_gmt":"2025-09-17T14:51:49","slug":"parque-eolico-cementos-avellaneda-e-ypf-luz-solicitaron-ingresar-al-sistema-argentino-de-interconexion","status":"publish","type":"post","link":"https:\/\/cdnoticias.com\/index.php\/2025\/09\/17\/parque-eolico-cementos-avellaneda-e-ypf-luz-solicitaron-ingresar-al-sistema-argentino-de-interconexion\/","title":{"rendered":"Parque e\u00f3lico: Cementos Avellaneda e YPF Luz solicitaron ingresar al Sistema Argentino de Interconexi\u00f3n"},"content":{"rendered":"<p>Se trata de un avance en la futura operatoria del parque construido en Olavarr\u00eda. En concreto las solicitudes al ENRE fueron presentadas por la empresa Transba.<!--more--><\/p>\n<hr \/>\n<p>El <strong>Ente Nacional Regulador de la Electricidad (ENRE)<\/strong> emiti\u00f3 la <strong>resoluci\u00f3n 654\/2025<\/strong> en la que hizo p\u00fablico el <strong>avance en la construcci\u00f3n y operatoria<\/strong> del <strong>parque e\u00f3lico de la empresa Cementos Avellaneda<\/strong> ubicado en Olavarr\u00eda.<\/p>\n<p>Concretamente, lo que el organismo nacional dio a conocer es la<strong> solicitud que present\u00f3 la empresa transportadora de energ\u00eda Transba<\/strong> por r<strong>equerimiento de la cementera<\/strong> con sede en Olavarr\u00eda para la <strong>conexi\u00f3n del \u201cparque e\u00f3lico de 28 MW al Sistema Argentino de Interconexi\u00f3n (SADI)<\/strong>, en barras de 132 kV de la <strong>Estaci\u00f3n Transformadora (ET) Calera Avellaneda<\/strong> de 132\/33 kV, jurisdicci\u00f3n de la empresa Transba S.A.\u201d.<\/p>\n<p>Tambi\u00e9n la empresa transportadora hizo la <strong>solicitud a requerimiento de la firma YPF Luz<\/strong> \u201cpara la conexi\u00f3n de su nuevo <strong>parque e\u00f3lico CASA YPF LUZ de 35 MW<\/strong> ubicado en el Partido de Olavarr\u00eda <strong>a conectarse al SADI,<\/strong> en barras de 33 kV de instalaciones de la empresa Cementos Avellaneda S.A. vinculadas a la ET Calera Avellaneda\u201d.<\/p>\n<p>La resoluci\u00f3n establece que si en cinco d\u00edas h\u00e1biles no se presentan alternativas u oposiciones a las solicitudes, ambas <strong>se considerar\u00e1n otorgada<\/strong>s. Asimismo se fijan las acciones a seguir desde el ENRE, las empresas afectadas y m\u00e1s organismos intervinientes en el sistema el\u00e9ctrico.<\/p>\n<p>Cabe recordar que <a href=\"https:\/\/cdnoticias.com\/index.php\/2024\/04\/26\/ypf-luz-y-cementos-avellaneda-construiran-un-parque-eolico-en-olavarria\/\" target=\"_blank\" rel=\"noopener\">en abril de 2024 se anunci\u00f3 la construcci\u00f3n del Parque E\u00f3lico CASA<\/a> mediante un acuerdo de la cementera con YPF Luz y se expuso la intenci\u00f3n de que <a href=\"https:\/\/cdnoticias.com\/index.php\/2024\/04\/27\/cementos-avellaneda-en-busca-de-un-futuro-sustentable-y-sostenible\/\" target=\"_blank\" rel=\"noopener\">empiece a operar en los primeros meses de 2026<\/a>.<\/p>\n","protected":false},"excerpt":{"rendered":"<p>Se trata de un avance en la futura operatoria del parque construido en Olavarr\u00eda. En concreto las solicitudes al ENRE<\/p>\n","protected":false},"author":4,"featured_media":150958,"comment_status":"closed","ping_status":"closed","sticky":false,"template":"","format":"standard","meta":{"_jetpack_memberships_contains_paid_content":false,"footnotes":""},"categories":[5,1],"tags":[],"class_list":["post-182599","post","type-post","status-publish","format-standard","has-post-thumbnail","hentry","category-informacion-general","category-portada"],"jetpack_featured_media_url":"https:\/\/i0.wp.com\/cdnoticias.com\/wp-content\/uploads\/2025\/02\/parque-eolico-ypf-luz-olavarria-2.png?fit=720%2C420&ssl=1","jetpack_sharing_enabled":true,"_links":{"self":[{"href":"https:\/\/cdnoticias.com\/index.php\/wp-json\/wp\/v2\/posts\/182599","targetHints":{"allow":["GET"]}}],"collection":[{"href":"https:\/\/cdnoticias.com\/index.php\/wp-json\/wp\/v2\/posts"}],"about":[{"href":"https:\/\/cdnoticias.com\/index.php\/wp-json\/wp\/v2\/types\/post"}],"author":[{"embeddable":true,"href":"https:\/\/cdnoticias.com\/index.php\/wp-json\/wp\/v2\/users\/4"}],"replies":[{"embeddable":true,"href":"https:\/\/cdnoticias.com\/index.php\/wp-json\/wp\/v2\/comments?post=182599"}],"version-history":[{"count":0,"href":"https:\/\/cdnoticias.com\/index.php\/wp-json\/wp\/v2\/posts\/182599\/revisions"}],"wp:featuredmedia":[{"embeddable":true,"href":"https:\/\/cdnoticias.com\/index.php\/wp-json\/wp\/v2\/media\/150958"}],"wp:attachment":[{"href":"https:\/\/cdnoticias.com\/index.php\/wp-json\/wp\/v2\/media?parent=182599"}],"wp:term":[{"taxonomy":"category","embeddable":true,"href":"https:\/\/cdnoticias.com\/index.php\/wp-json\/wp\/v2\/categories?post=182599"},{"taxonomy":"post_tag","embeddable":true,"href":"https:\/\/cdnoticias.com\/index.php\/wp-json\/wp\/v2\/tags?post=182599"}],"curies":[{"name":"wp","href":"https:\/\/api.w.org\/{rel}","templated":true}]}}