{"id":182596,"date":"2025-09-17T09:17:13","date_gmt":"2025-09-17T12:17:13","guid":{"rendered":"https:\/\/cdnoticias.com\/?p=182596"},"modified":"2025-09-17T11:20:21","modified_gmt":"2025-09-17T14:20:21","slug":"una-moto-robada-en-mar-del-plata-fue-hallada-en-olavarria","status":"publish","type":"post","link":"https:\/\/cdnoticias.com\/index.php\/2025\/09\/17\/una-moto-robada-en-mar-del-plata-fue-hallada-en-olavarria\/","title":{"rendered":"Una moto robada en Mar del Plata fue hallada en Olavarr\u00eda"},"content":{"rendered":"<p>Personal de la Sub DDI local logr\u00f3 interceptar el rodado durante tareas encubiertas. La denuncia por el hurto de la moto se asent\u00f3 hace menos de un mes.<!--more--><\/p>\n<hr \/>\n<p>Una <strong>motocicleta de alta cilindrada<\/strong> que hab\u00eda sido <strong>robada en Mar del Plata<\/strong> fue<strong> recuperada en Olavarr\u00eda<\/strong> por personal policial de la <strong>Subdelegaci\u00f3n Departamental de Investigaciones (Sub-DDI).<\/strong><\/p>\n<blockquote><p>Se trata de una moto marca Bajaj, de 400 cc, color rojo y modelo 2021, que hab\u00eda sido denunciada como sustra\u00edda el 22 de agosto de este a\u00f1o en la jurisdicci\u00f3n de la Comisar\u00eda Cuarta de Mar del Plata. La investigaci\u00f3n est\u00e1 a cargo de la UFIJE ODCPA del Departamento Judicial de esa ciudad.<\/p><\/blockquote>\n<p>El rodado fue <strong>interceptado en la v\u00eda p\u00fablica de Olavarr\u00eda<\/strong> durante<strong> tareas encubiertas<\/strong> realizadas por efectivos policiales. En ese momento era conducido por un hombre, y al consultar en red oficial se constat\u00f3 que ten\u00eda pedido de secuestro activo desde el mismo d\u00eda de la denuncia, bajo la car\u00e1tula<strong> \u201churto de motoveh\u00edculo\u201d.<\/strong><\/p>\n","protected":false},"excerpt":{"rendered":"<p>Personal de la Sub DDI local logr\u00f3 interceptar el rodado durante tareas encubiertas. La denuncia por el hurto de la<\/p>\n","protected":false},"author":4,"featured_media":182597,"comment_status":"closed","ping_status":"closed","sticky":false,"template":"","format":"standard","meta":{"_jetpack_memberships_contains_paid_content":false,"footnotes":""},"categories":[14,1],"tags":[],"class_list":["post-182596","post","type-post","status-publish","format-standard","has-post-thumbnail","hentry","category-policiales","category-portada"],"jetpack_featured_media_url":"https:\/\/i0.wp.com\/cdnoticias.com\/wp-content\/uploads\/2025\/09\/moto-robada-en-mar-del-plata-DDI-00.jpg?fit=1000%2C557&ssl=1","jetpack_sharing_enabled":true,"_links":{"self":[{"href":"https:\/\/cdnoticias.com\/index.php\/wp-json\/wp\/v2\/posts\/182596","targetHints":{"allow":["GET"]}}],"collection":[{"href":"https:\/\/cdnoticias.com\/index.php\/wp-json\/wp\/v2\/posts"}],"about":[{"href":"https:\/\/cdnoticias.com\/index.php\/wp-json\/wp\/v2\/types\/post"}],"author":[{"embeddable":true,"href":"https:\/\/cdnoticias.com\/index.php\/wp-json\/wp\/v2\/users\/4"}],"replies":[{"embeddable":true,"href":"https:\/\/cdnoticias.com\/index.php\/wp-json\/wp\/v2\/comments?post=182596"}],"version-history":[{"count":0,"href":"https:\/\/cdnoticias.com\/index.php\/wp-json\/wp\/v2\/posts\/182596\/revisions"}],"wp:featuredmedia":[{"embeddable":true,"href":"https:\/\/cdnoticias.com\/index.php\/wp-json\/wp\/v2\/media\/182597"}],"wp:attachment":[{"href":"https:\/\/cdnoticias.com\/index.php\/wp-json\/wp\/v2\/media?parent=182596"}],"wp:term":[{"taxonomy":"category","embeddable":true,"href":"https:\/\/cdnoticias.com\/index.php\/wp-json\/wp\/v2\/categories?post=182596"},{"taxonomy":"post_tag","embeddable":true,"href":"https:\/\/cdnoticias.com\/index.php\/wp-json\/wp\/v2\/tags?post=182596"}],"curies":[{"name":"wp","href":"https:\/\/api.w.org\/{rel}","templated":true}]}}