{"id":182593,"date":"2025-09-17T08:50:01","date_gmt":"2025-09-17T11:50:01","guid":{"rendered":"https:\/\/cdnoticias.com\/?p=182593"},"modified":"2025-09-17T08:50:03","modified_gmt":"2025-09-17T11:50:03","slug":"personal-de-policia-local-recupero-una-moto-que-tenia-pedido-de-secuestro","status":"publish","type":"post","link":"https:\/\/cdnoticias.com\/index.php\/2025\/09\/17\/personal-de-policia-local-recupero-una-moto-que-tenia-pedido-de-secuestro\/","title":{"rendered":"Personal de Polic\u00eda Local recuper\u00f3 una moto que ten\u00eda pedido de secuestro"},"content":{"rendered":"<p>El rodado fue hallado en Trabajadores y Chiclana. El conductor, de 20 a\u00f1os, fue imputado por \u201cencubrimiento\u201d.<!--more--><\/p>\n<hr \/>\n<p>Un <strong>joven de 20 a\u00f1os<\/strong> fue demorado este martes en la<strong> intersecci\u00f3n de avenida Trabajadores y Chiclana<\/strong> cuando circulaba a bordo de una <strong>moto de 110 cc sin dominio colocado.<\/strong><\/p>\n<p>De acuerdo con lo informado, personal de Polic\u00eda Local que realizaba recorridas preventivas advirti\u00f3 que <strong>el rodado presentaba faltantes<\/strong> en las pecheras delanteras y cables desconectados. Tras cursar los datos del motoveh\u00edculo al sistema de emergencias 911, <strong>se confirm\u00f3 que ten\u00eda pedido de secuestro activo.<\/strong><\/p>\n<p>El rodado <strong>fue secuestrado<\/strong> y el<strong> conductor trasladado a sede policial<\/strong> para el cumplimiento de los recaudos legales. La causa fue caratulada como <strong>\u201cencubrimiento\u201d<\/strong> e interviene la UFI (Unidad Fiscal de Investigaci\u00f3n) N.\u00ba 10.<\/p>\n","protected":false},"excerpt":{"rendered":"<p>El rodado fue hallado en Trabajadores y Chiclana. El conductor, de 20 a\u00f1os, fue imputado por \u201cencubrimiento\u201d.<\/p>\n","protected":false},"author":4,"featured_media":182594,"comment_status":"closed","ping_status":"closed","sticky":false,"template":"","format":"standard","meta":{"_jetpack_memberships_contains_paid_content":false,"footnotes":""},"categories":[14,1],"tags":[],"class_list":["post-182593","post","type-post","status-publish","format-standard","has-post-thumbnail","hentry","category-policiales","category-portada"],"jetpack_featured_media_url":"https:\/\/i0.wp.com\/cdnoticias.com\/wp-content\/uploads\/2025\/09\/trabajadores-y-chiclana-00.jpg?fit=800%2C445&ssl=1","jetpack_sharing_enabled":true,"_links":{"self":[{"href":"https:\/\/cdnoticias.com\/index.php\/wp-json\/wp\/v2\/posts\/182593","targetHints":{"allow":["GET"]}}],"collection":[{"href":"https:\/\/cdnoticias.com\/index.php\/wp-json\/wp\/v2\/posts"}],"about":[{"href":"https:\/\/cdnoticias.com\/index.php\/wp-json\/wp\/v2\/types\/post"}],"author":[{"embeddable":true,"href":"https:\/\/cdnoticias.com\/index.php\/wp-json\/wp\/v2\/users\/4"}],"replies":[{"embeddable":true,"href":"https:\/\/cdnoticias.com\/index.php\/wp-json\/wp\/v2\/comments?post=182593"}],"version-history":[{"count":0,"href":"https:\/\/cdnoticias.com\/index.php\/wp-json\/wp\/v2\/posts\/182593\/revisions"}],"wp:featuredmedia":[{"embeddable":true,"href":"https:\/\/cdnoticias.com\/index.php\/wp-json\/wp\/v2\/media\/182594"}],"wp:attachment":[{"href":"https:\/\/cdnoticias.com\/index.php\/wp-json\/wp\/v2\/media?parent=182593"}],"wp:term":[{"taxonomy":"category","embeddable":true,"href":"https:\/\/cdnoticias.com\/index.php\/wp-json\/wp\/v2\/categories?post=182593"},{"taxonomy":"post_tag","embeddable":true,"href":"https:\/\/cdnoticias.com\/index.php\/wp-json\/wp\/v2\/tags?post=182593"}],"curies":[{"name":"wp","href":"https:\/\/api.w.org\/{rel}","templated":true}]}}