{"id":18257,"date":"2021-04-08T08:14:57","date_gmt":"2021-04-08T11:14:57","guid":{"rendered":"http:\/\/www.centraldenoticias.com.ar\/?p=18257"},"modified":"2021-04-08T08:14:57","modified_gmt":"2021-04-08T11:14:57","slug":"hiladia-isabel-tallaferro-viuda-de-diaz-lala-q-e-p-d","status":"publish","type":"post","link":"https:\/\/cdnoticias.com\/index.php\/2021\/04\/08\/hiladia-isabel-tallaferro-viuda-de-diaz-lala-q-e-p-d\/","title":{"rendered":"Hiladia Isabel Tallaferro viuda de Diaz \u201cLala\u201d (Q.E.P.D.)"},"content":{"rendered":"<p>Falleci\u00f3 en Olavarr\u00eda el d\u00eda 7 de abril de 2021 a los 86 a\u00f1os de edad.<\/p>\n<p>Su hija M\u00f3nica Graciela D\u00edaz. Sus nietos Leila Abigail y Enzo Andr\u00e9s Martin. Sus nietos pol\u00edticos. Sus bisnietos. Su colaboradora Rosa Moyano y dem\u00e1s deudos participan su fallecimiento.<\/p>\n<p>Velatorio: Espa\u00f1a 2942 departamento &#8220;B&#8221;. La sala abre este jueves a las 12:30 horas. Responso: Capilla Ardiente. Inhumaci\u00f3n: Cementerio Loma de Paz, jueves 8 de abril a las 14:30 horas. Servicio adherido a Coopelectric.<\/p>\n<p>Vecina de Microcentro.<\/p>\n<p>Nacida en 9 de Julio.<\/p>\n<p>Jubilada y pensionada.<\/p>\n","protected":false},"excerpt":{"rendered":"<p>Falleci\u00f3 en Olavarr\u00eda el d\u00eda 7 de abril de 2021 a los 86 a\u00f1os de edad. Su hija M\u00f3nica Graciela<\/p>\n","protected":false},"author":4,"featured_media":0,"comment_status":"closed","ping_status":"closed","sticky":false,"template":"","format":"standard","meta":{"_jetpack_memberships_contains_paid_content":false,"footnotes":""},"categories":[10],"tags":[],"class_list":["post-18257","post","type-post","status-publish","format-standard","hentry","category-necrologicas"],"jetpack_featured_media_url":"","jetpack_sharing_enabled":true,"_links":{"self":[{"href":"https:\/\/cdnoticias.com\/index.php\/wp-json\/wp\/v2\/posts\/18257","targetHints":{"allow":["GET"]}}],"collection":[{"href":"https:\/\/cdnoticias.com\/index.php\/wp-json\/wp\/v2\/posts"}],"about":[{"href":"https:\/\/cdnoticias.com\/index.php\/wp-json\/wp\/v2\/types\/post"}],"author":[{"embeddable":true,"href":"https:\/\/cdnoticias.com\/index.php\/wp-json\/wp\/v2\/users\/4"}],"replies":[{"embeddable":true,"href":"https:\/\/cdnoticias.com\/index.php\/wp-json\/wp\/v2\/comments?post=18257"}],"version-history":[{"count":0,"href":"https:\/\/cdnoticias.com\/index.php\/wp-json\/wp\/v2\/posts\/18257\/revisions"}],"wp:attachment":[{"href":"https:\/\/cdnoticias.com\/index.php\/wp-json\/wp\/v2\/media?parent=18257"}],"wp:term":[{"taxonomy":"category","embeddable":true,"href":"https:\/\/cdnoticias.com\/index.php\/wp-json\/wp\/v2\/categories?post=18257"},{"taxonomy":"post_tag","embeddable":true,"href":"https:\/\/cdnoticias.com\/index.php\/wp-json\/wp\/v2\/tags?post=18257"}],"curies":[{"name":"wp","href":"https:\/\/api.w.org\/{rel}","templated":true}]}}