{"id":182558,"date":"2025-09-17T08:35:39","date_gmt":"2025-09-17T11:35:39","guid":{"rendered":"https:\/\/cdnoticias.com\/?p=182558"},"modified":"2025-09-17T08:35:41","modified_gmt":"2025-09-17T11:35:41","slug":"cortes-de-transito-para-acompanar-el-recorrido-de-los-gauchos-peregrinos","status":"publish","type":"post","link":"https:\/\/cdnoticias.com\/index.php\/2025\/09\/17\/cortes-de-transito-para-acompanar-el-recorrido-de-los-gauchos-peregrinos\/","title":{"rendered":"Cortes de tr\u00e1nsito para acompa\u00f1ar el recorrido de los Gauchos Peregrinos\u00a0"},"content":{"rendered":"\n<p>Se har\u00e1n este jueves a cargo de la Subsecretar\u00eda de Protecci\u00f3n Ciudadana. Partir\u00e1n desde la Sociedad Rural y llegar\u00e1n hasta el Paseo Mend\u00eda.\u00a0<\/p>\n\n\n\n<hr class=\"wp-block-separator aligncenter has-alpha-channel-opacity\"\/>\n\n\n\n<p>Durante el <strong>inicio de la ma\u00f1ana del pr\u00f3ximo jueves <\/strong>se desplegar\u00e1 un <strong>dispositivo preventivo de seguridad vial<\/strong> que incluir\u00e1 distintos <strong>cortes en la circulaci\u00f3n <\/strong>para acompa\u00f1ar el recorrido de los<strong> Gauchos Peregrinos.<\/strong><\/p>\n\n\n\n<p><\/p>\n\n\n\n<p>De acuerdo con lo que se detall\u00f3 desde la Subsecretar\u00eda de Protecci\u00f3n Ciudadana el recorrido ser\u00e1 el siguiente: <strong>A las 7:30 iniciar\u00e1n el recorrido desde el predio ferial de la Sociedad Rural por avenida Ituzaing\u00f3 hasta avenida Del Valle, luego por Del Valle hasta Lavalle, luego Bol\u00edvar hasta Vicente L\u00f3pez y, por \u00faltimo, culminar en el cruce con San Mart\u00edn.<\/strong><\/p>\n\n\n\n<p><\/p>\n\n\n\n<blockquote class=\"wp-block-quote is-layout-flow wp-block-quote-is-layout-flow\">\n<p>Permanecer\u00e1n durante 20 minutos en el Paseo Jes\u00fas Mend\u00eda, donde realizar\u00e1n la ceremonia religiosa frente a la Iglesia San Jos\u00e9. Por este motivo se realizar\u00e1n cortes en la circulaci\u00f3n sobre San Mart\u00edn y Alsina, y en Vicente L\u00f3pez y General Paz, que se iniciar\u00e1n alrededor de las 8 horas.<\/p>\n<\/blockquote>\n\n\n\n<p><\/p>\n\n\n\n<p>Posteriormente, tomar\u00e1n por <strong>Vicente L\u00f3pez hasta avenida Col\u00f3n, Col\u00f3n hasta avenida Ituzaing\u00f3<\/strong>, y por la misma continuar\u00e1n hasta <strong>avenida De los Trabajadores, <\/strong>sitio donde culminar\u00e1 el acompa\u00f1amiento de personal de Control Urbano, dado que desde ah\u00ed continuar\u00e1n con su recorrido por <strong>calles de tierra y caminos vecinales.<\/strong><\/p>\n\n\n\n<p><\/p>\n","protected":false},"excerpt":{"rendered":"<p>Se har\u00e1n este jueves a cargo de la Subsecretar\u00eda de Protecci\u00f3n Ciudadana. Partir\u00e1n desde la Sociedad Rural y llegar\u00e1n hasta<\/p>\n","protected":false},"author":6,"featured_media":125805,"comment_status":"closed","ping_status":"closed","sticky":false,"template":"","format":"standard","meta":{"_jetpack_memberships_contains_paid_content":false,"footnotes":""},"categories":[9,1],"tags":[],"class_list":["post-182558","post","type-post","status-publish","format-standard","has-post-thumbnail","hentry","category-cultura","category-portada"],"jetpack_featured_media_url":"https:\/\/i0.wp.com\/cdnoticias.com\/wp-content\/uploads\/2024\/09\/gauchos-peregrinos-02.jpg?fit=800%2C445&ssl=1","jetpack_sharing_enabled":true,"_links":{"self":[{"href":"https:\/\/cdnoticias.com\/index.php\/wp-json\/wp\/v2\/posts\/182558","targetHints":{"allow":["GET"]}}],"collection":[{"href":"https:\/\/cdnoticias.com\/index.php\/wp-json\/wp\/v2\/posts"}],"about":[{"href":"https:\/\/cdnoticias.com\/index.php\/wp-json\/wp\/v2\/types\/post"}],"author":[{"embeddable":true,"href":"https:\/\/cdnoticias.com\/index.php\/wp-json\/wp\/v2\/users\/6"}],"replies":[{"embeddable":true,"href":"https:\/\/cdnoticias.com\/index.php\/wp-json\/wp\/v2\/comments?post=182558"}],"version-history":[{"count":0,"href":"https:\/\/cdnoticias.com\/index.php\/wp-json\/wp\/v2\/posts\/182558\/revisions"}],"wp:featuredmedia":[{"embeddable":true,"href":"https:\/\/cdnoticias.com\/index.php\/wp-json\/wp\/v2\/media\/125805"}],"wp:attachment":[{"href":"https:\/\/cdnoticias.com\/index.php\/wp-json\/wp\/v2\/media?parent=182558"}],"wp:term":[{"taxonomy":"category","embeddable":true,"href":"https:\/\/cdnoticias.com\/index.php\/wp-json\/wp\/v2\/categories?post=182558"},{"taxonomy":"post_tag","embeddable":true,"href":"https:\/\/cdnoticias.com\/index.php\/wp-json\/wp\/v2\/tags?post=182558"}],"curies":[{"name":"wp","href":"https:\/\/api.w.org\/{rel}","templated":true}]}}