{"id":18255,"date":"2021-04-08T08:12:22","date_gmt":"2021-04-08T11:12:22","guid":{"rendered":"http:\/\/www.centraldenoticias.com.ar\/?p=18255"},"modified":"2021-04-08T08:31:48","modified_gmt":"2021-04-08T11:31:48","slug":"concepcion-hilaria-dominguez-domiguez-viuda-de-leal-q-e-p-d","status":"publish","type":"post","link":"https:\/\/cdnoticias.com\/index.php\/2021\/04\/08\/concepcion-hilaria-dominguez-domiguez-viuda-de-leal-q-e-p-d\/","title":{"rendered":"Concepci\u00f3n Hilaria Dom\u00ednguez Dom\u00edguez viuda de Leal (Q.E.P.D.)"},"content":{"rendered":"<p>Falleci\u00f3 en Olavarr\u00eda el d\u00eda 7 de abril de 2021 a los 88 a\u00f1os de edad.<\/p>\n<p>Sus hijos Manuel, Jos\u00e9, Jes\u00fas y Alejandro Leal. Sus hijos pol\u00edticos. Sus nietos. Sus bisnietos y dem\u00e1s deudos participan su fallecimiento.<\/p>\n<p>Sin velatorio. Sin responso. Cremaci\u00f3n: Crematorio Pinos de Paz, a confirmar.<\/p>\n<p>Vecina de Barrio Sarmiento.<\/p>\n<p>Nacida en La Coru\u00f1a &#8211; Espa\u00f1a.<\/p>\n<p>Jubilada y Pensionada.<\/p>\n","protected":false},"excerpt":{"rendered":"<p>Falleci\u00f3 en Olavarr\u00eda el d\u00eda 7 de abril de 2021 a los 88 a\u00f1os de edad. Sus hijos Manuel, Jos\u00e9,<\/p>\n","protected":false},"author":4,"featured_media":0,"comment_status":"closed","ping_status":"closed","sticky":false,"template":"","format":"standard","meta":{"_jetpack_memberships_contains_paid_content":false,"footnotes":""},"categories":[10],"tags":[],"class_list":["post-18255","post","type-post","status-publish","format-standard","hentry","category-necrologicas"],"jetpack_featured_media_url":"","jetpack_sharing_enabled":true,"_links":{"self":[{"href":"https:\/\/cdnoticias.com\/index.php\/wp-json\/wp\/v2\/posts\/18255","targetHints":{"allow":["GET"]}}],"collection":[{"href":"https:\/\/cdnoticias.com\/index.php\/wp-json\/wp\/v2\/posts"}],"about":[{"href":"https:\/\/cdnoticias.com\/index.php\/wp-json\/wp\/v2\/types\/post"}],"author":[{"embeddable":true,"href":"https:\/\/cdnoticias.com\/index.php\/wp-json\/wp\/v2\/users\/4"}],"replies":[{"embeddable":true,"href":"https:\/\/cdnoticias.com\/index.php\/wp-json\/wp\/v2\/comments?post=18255"}],"version-history":[{"count":0,"href":"https:\/\/cdnoticias.com\/index.php\/wp-json\/wp\/v2\/posts\/18255\/revisions"}],"wp:attachment":[{"href":"https:\/\/cdnoticias.com\/index.php\/wp-json\/wp\/v2\/media?parent=18255"}],"wp:term":[{"taxonomy":"category","embeddable":true,"href":"https:\/\/cdnoticias.com\/index.php\/wp-json\/wp\/v2\/categories?post=18255"},{"taxonomy":"post_tag","embeddable":true,"href":"https:\/\/cdnoticias.com\/index.php\/wp-json\/wp\/v2\/tags?post=18255"}],"curies":[{"name":"wp","href":"https:\/\/api.w.org\/{rel}","templated":true}]}}