{"id":182548,"date":"2025-09-18T08:46:13","date_gmt":"2025-09-18T11:46:13","guid":{"rendered":"https:\/\/cdnoticias.com\/?p=182548"},"modified":"2025-09-18T08:46:15","modified_gmt":"2025-09-18T11:46:15","slug":"se-inaugura-la-muestra-mes-del-grabado-en-olavarria","status":"publish","type":"post","link":"https:\/\/cdnoticias.com\/index.php\/2025\/09\/18\/se-inaugura-la-muestra-mes-del-grabado-en-olavarria\/","title":{"rendered":"Se inaugura la muestra \u201cMes del Grabado en Olavarr\u00eda\u201d"},"content":{"rendered":"\n<p>Ser\u00e1 en el Museo Damaso Arce a partir de este s\u00e1bado.\u00a0Adem\u00e1s habr\u00e1 una variada propuesta de talleres de la mano de los artistas. <\/p>\n\n\n\n<hr class=\"wp-block-separator aligncenter has-alpha-channel-opacity\"\/>\n\n\n\n<p>Este <strong>s\u00e1bado <\/strong>se llevar\u00e1 a cabo la<strong> inauguraci\u00f3n de la muestra \u201cMes del Grabado en Olavarr\u00eda\u201d<\/strong> a partir de las <strong>19 horas, en el Museo D\u00e1maso Arce.<\/strong><\/p>\n\n\n\n<p><\/p>\n\n\n\n<blockquote class=\"wp-block-quote is-layout-flow wp-block-quote-is-layout-flow\">\n<p>La exposici\u00f3n re\u00fane las obras de siete artistas: Bernardo Andino, Eduardo Ayala, Cecilia Bax, Fernando Garc\u00eda, Natalia Krivochen, Bel\u00e9n K\u00fcber y Lorena Rivas.<\/p>\n<\/blockquote>\n\n\n\n<p><\/p>\n\n\n\n<p>La muestra se enmarca en la <strong>conmemoraci\u00f3n del Museo Nacional de Grabado <\/strong>fundado en la<strong> ciudad de Buenos Aires en el a\u00f1o 1960<\/strong>, por iniciativa de Oscar P\u00e9cora, Irene Perrando y un grupo de entusiastas de dicha especialidad, quienes con el objetivo de apoyar y difundir la disciplina, ponen a disposici\u00f3n sus obras para visualizar la producci\u00f3n contempor\u00e1nea y as\u00ed permitir resaltar el legado de esta disciplina.<\/p>\n\n\n\n<p><\/p>\n\n\n\n<p>Para complementar la exhibici\u00f3n se presentar\u00e1n tambi\u00e9n <strong>obras patrimoniales de la instituci\u00f3n<\/strong>, reuniendo as\u00ed 30 obras en la Sala 2 del Museo.<\/p>\n\n\n\n<p><\/p>\n\n\n\n<p><strong>Propuesta de Talleres<\/strong><\/p>\n\n\n\n<p>En el marco de esta muestra, durante el<strong> mes de septiembre se ofrecen los siguientes talleres y actividades abiertas <\/strong>a la comunidad:<\/p>\n\n\n\n<ul class=\"wp-block-list\">\n<li><strong>Domingo 21 de septiembre<\/strong><\/li>\n<\/ul>\n\n\n\n<p>16:00 horas. \u201cConversatorio con los artistas\u201d.<strong> Natalia Krivochen y Fernando Garc\u00eda.<\/strong> En el marco de un espacio de di\u00e1logo y encuentro, los artistas compartir\u00e1n su proceso creativo, influencias y t\u00e9cnicas utilizadas en sus obras. Actividad destinada al p\u00fablico general. <strong>No requiere inscripci\u00f3n previa.<\/strong><\/p>\n\n\n\n<ul class=\"wp-block-list\">\n<li><strong>S\u00e1bado 27 de septiembre<\/strong><\/li>\n<\/ul>\n\n\n\n<p>16:00 horas. \u201cDel grabado Japon\u00e9s al manga\u201d. Charla\/taller a cargo del <strong>Prof. Diego Pardo<\/strong>. A trav\u00e9s de una breve visita a la historia del arte en Asia, se vincula con la aparici\u00f3n de los primeros personajes en versiones manga (historieta japonesa), y su explosi\u00f3n en territorio argentino en las d\u00e9cadas del \u00b480 y \u00b490 modernidad.<\/p>\n\n\n\n<p>Luego de la charla, los asistentes podr\u00e1n experimentar la creaci\u00f3n de un personaje manga a trav\u00e9s de los elementos simb\u00f3licos de este universo. Actividad destinada a j\u00f3venes y adultos. <strong>Cupo limitado, por orden de llegada.<\/strong><\/p>\n\n\n\n<ul class=\"wp-block-list\">\n<li><strong>Domingo 28 de septiembre<\/strong><\/li>\n<\/ul>\n\n\n\n<p>16:00 horas. \u201cRecorrido dialogado\u201d. Actividad a cargo de la<strong> Prof. Cecilia Bax<\/strong>. Una alternativa que pone el \u00e9nfasis en la interacci\u00f3n y el intercambio de informaci\u00f3n entre el gu\u00eda de sala y los visitantes, un concepto que sugiere el discurso visual gr\u00e1fico. El equipo educativo propone un recorrido por la exposici\u00f3n que abarca tanto el patrimonio gr\u00e1fico del Museo D\u00e1maso Arce hasta el grabado m\u00e1s contempor\u00e1neo. <\/p>\n\n\n\n<p>En este recorrido participativo abordaremos las caracter\u00edsticas de las obras, desde el patrimonio hasta las experimentaciones m\u00e1s recientes de este grupo de artistas locales, en su incansable b\u00fasqueda de una narrativa original, personal y de tono experimental en la que confluyen citas, homenajes y una particular concepci\u00f3n sobre el grabado. <strong>Actividad destinada al p\u00fablico en general. No requiere inscripci\u00f3n previa.<\/strong><\/p>\n\n\n\n<p><\/p>\n\n\n\n<p><strong>Horarios de visita<\/strong><\/p>\n\n\n\n<p>La muestra podr\u00e1 visitarse: <strong>martes a jueves de 8:00 a 12:00 y de 13:00 a 17:00 horas, viernes de 8:00 a 12:00 y de 13:00 a 18:00 horas, s\u00e1bados, domingos y feriados de 15:00 a 18:00 horas.<\/strong><\/p>\n\n\n\n<p>El Museo D\u00e1maso Arce se encuentra ubicado en <strong>San Mart\u00edn 2862<\/strong>. Para informes y m\u00e1s detalles sobre las actividades en el marco de esta exhibici\u00f3n, los interesados pueden escribir al mail del museo: museo.damasoarce@olavarria.gov.ar. <strong>La entrada es libre y gratuita.<\/strong><\/p>\n\n\n\n<p><\/p>\n","protected":false},"excerpt":{"rendered":"<p>Ser\u00e1 en el Museo Damaso Arce a partir de este s\u00e1bado.\u00a0Adem\u00e1s habr\u00e1 una variada propuesta de talleres de la mano<\/p>\n","protected":false},"author":6,"featured_media":50370,"comment_status":"closed","ping_status":"closed","sticky":false,"template":"","format":"standard","meta":{"_jetpack_memberships_contains_paid_content":false,"footnotes":""},"categories":[9,1],"tags":[],"class_list":["post-182548","post","type-post","status-publish","format-standard","has-post-thumbnail","hentry","category-cultura","category-portada"],"jetpack_featured_media_url":"https:\/\/i0.wp.com\/cdnoticias.com\/wp-content\/uploads\/2022\/03\/Museo-Damaso-Arce-Drone.jpg?fit=800%2C445&ssl=1","jetpack_sharing_enabled":true,"_links":{"self":[{"href":"https:\/\/cdnoticias.com\/index.php\/wp-json\/wp\/v2\/posts\/182548","targetHints":{"allow":["GET"]}}],"collection":[{"href":"https:\/\/cdnoticias.com\/index.php\/wp-json\/wp\/v2\/posts"}],"about":[{"href":"https:\/\/cdnoticias.com\/index.php\/wp-json\/wp\/v2\/types\/post"}],"author":[{"embeddable":true,"href":"https:\/\/cdnoticias.com\/index.php\/wp-json\/wp\/v2\/users\/6"}],"replies":[{"embeddable":true,"href":"https:\/\/cdnoticias.com\/index.php\/wp-json\/wp\/v2\/comments?post=182548"}],"version-history":[{"count":0,"href":"https:\/\/cdnoticias.com\/index.php\/wp-json\/wp\/v2\/posts\/182548\/revisions"}],"wp:featuredmedia":[{"embeddable":true,"href":"https:\/\/cdnoticias.com\/index.php\/wp-json\/wp\/v2\/media\/50370"}],"wp:attachment":[{"href":"https:\/\/cdnoticias.com\/index.php\/wp-json\/wp\/v2\/media?parent=182548"}],"wp:term":[{"taxonomy":"category","embeddable":true,"href":"https:\/\/cdnoticias.com\/index.php\/wp-json\/wp\/v2\/categories?post=182548"},{"taxonomy":"post_tag","embeddable":true,"href":"https:\/\/cdnoticias.com\/index.php\/wp-json\/wp\/v2\/tags?post=182548"}],"curies":[{"name":"wp","href":"https:\/\/api.w.org\/{rel}","templated":true}]}}