{"id":182540,"date":"2025-09-17T17:30:28","date_gmt":"2025-09-17T20:30:28","guid":{"rendered":"https:\/\/cdnoticias.com\/?p=182540"},"modified":"2025-09-17T17:30:30","modified_gmt":"2025-09-17T20:30:30","slug":"sarampion-argentina-adelanta-a-los-18-meses-la-segunda-dosis-de-la-vacuna","status":"publish","type":"post","link":"https:\/\/cdnoticias.com\/index.php\/2025\/09\/17\/sarampion-argentina-adelanta-a-los-18-meses-la-segunda-dosis-de-la-vacuna\/","title":{"rendered":"Sarampi\u00f3n: Argentina adelanta a los 18 meses la segunda dosis de la vacuna"},"content":{"rendered":"\n<p>Con esta decisi\u00f3n, se busca una protecci\u00f3n m\u00e1s temprana frente a eventuales brotes de sarampi\u00f3n y garantiza un uso responsable de los recursos.<\/p>\n\n\n\n<hr class=\"wp-block-separator aligncenter has-alpha-channel-opacity\"\/>\n\n\n\n<p>El <strong>Ministerio de Salud de la Naci\u00f3n<\/strong> anunci\u00f3 que<strong> a partir de 2026 la segunda dosis de la vacuna contra el sarampi\u00f3n se aplicar\u00e1 a los 18 meses,<\/strong> <strong>en lugar de a los 5 a\u00f1os.<\/strong> El objetivo es asegurar una<strong> protecci\u00f3n temprana y m\u00e1s efectiva<\/strong> y un aumento en la efectividad de la estrategia.<\/p>\n\n\n\n<p><\/p>\n\n\n\n<p>Seg\u00fan el Gobierno nacional, la edad \u00f3ptima para administrar la segunda dosis se basa en consideraciones program\u00e1ticas para lograr mayor cobertura.\u00a0<em>\u201cEsta gesti\u00f3n decidi\u00f3 dar este paso que implica una inversi\u00f3n de 4,2 millones de d\u00f3lares y que se financiar\u00e1 con el ahorro logrado en la compra eficiente de la vacuna antigripal\u201d<\/em>, subray\u00f3 la viceministra de Salud de la Naci\u00f3n, Cecilia Loccisano en el marco de la reuni\u00f3n del Consejo Federal de Salud (COFESA).<\/p>\n\n\n\n<p><\/p>\n\n\n\n<blockquote class=\"wp-block-quote is-layout-flow wp-block-quote-is-layout-flow\">\n<p>Ante un contexto de circulaci\u00f3n del virus en varios pa\u00edses de Am\u00e9rica, esta decisi\u00f3n disminuye el tiempo en el que los ni\u00f1os permanecen expuestos al contagio. La primera dosis brinda una protecci\u00f3n del 80% y con la aplicaci\u00f3n de la segunda dosis se alcanza una protecci\u00f3n del 97%.<\/p>\n<\/blockquote>\n\n\n\n<p><\/p>\n\n\n\n<p>Por otro lado, se espera que permita tambi\u00e9n<strong> mejorar los \u00edndices de cobertura, <\/strong>ya que los menores de dos a\u00f1os est\u00e1n m\u00e1s cerca del sistema sanitario. Al realizarse controles de salud peri\u00f3dicos genera una ventana de oportunidad m\u00e1s amplia de captaci\u00f3n para la vacunaci\u00f3n, se inform\u00f3 en un comunicado.<\/p>\n\n\n\n<p><\/p>\n\n\n\n<p>El <strong>esquema de vacunaci\u00f3n contra el sarampi\u00f3n se compone de dos dosis de la vacuna Triple Viral. <\/strong>Hasta el momento, la primera se aplica a los 12 meses y la otra a los 5 a\u00f1os. <\/p>\n\n\n\n<p><\/p>\n\n\n\n<blockquote class=\"wp-block-quote is-layout-flow wp-block-quote-is-layout-flow\">\n<p>Con el cambio, la segunda se adelantar\u00e1 a los 18 meses, lo que implicar\u00e1 la superposici\u00f3n de cohortes de ni\u00f1os vacunados entre 2021 y 2024 durante tres a\u00f1os y medio, y un incremento de 300.000 dosis respecto de la compra habitual.<\/p>\n<\/blockquote>\n\n\n\n<p><\/p>\n\n\n\n<p><strong>\u00bfQu\u00e9 es el sarampi\u00f3n y cu\u00e1les son los s\u00edntomas?<\/strong><\/p>\n\n\n\n<p>El sarampi\u00f3n es una <strong>enfermedad viral, eruptiva-febril de transmisi\u00f3n respiratoria y altamente contagiosa,<\/strong> que se <strong>disemina r\u00e1pida y f\u00e1cilmente de persona a persona. A veces puede ser letal<\/strong>. Los casos de mayor gravedad se dan en ni\u00f1os menores de 5 a\u00f1os y personas con inmunocompromiso o desnutrici\u00f3n. La \u00fanica manera de prevenirla es con la vacunaci\u00f3n.<\/p>\n\n\n\n<p><\/p>\n\n\n\n<blockquote class=\"wp-block-quote is-layout-flow wp-block-quote-is-layout-flow\">\n<p>Las manifestaciones cl\u00ednicas son: fiebre alta, manchas rojas en la piel, secreci\u00f3n nasal, conjuntivitis y tos. Puede presentar complicaciones como neumon\u00eda, convulsiones, meningoencefalitis y ceguera. No tiene tratamiento espec\u00edfico y es mortal en 1 a 2 casos cada 1000 personas no vacunadas.<\/p>\n<\/blockquote>\n\n\n\n<p><\/p>\n\n\n\n<p>Ante la presencia de fiebre y manchas rojas en la piel,<strong> consult\u00e1 inmediatamente con profesionales de salud.<\/strong> No concurras a lugares p\u00fablicos hasta que el profesional de salud te autorice.\u00a0<\/p>\n\n\n\n<p><\/p>\n\n\n\n<p><em>Fuente: DIB\u00a0<\/em><\/p>\n\n\n\n<p><\/p>\n","protected":false},"excerpt":{"rendered":"<p>Con esta decisi\u00f3n, se busca una protecci\u00f3n m\u00e1s temprana frente a eventuales brotes de sarampi\u00f3n y garantiza un uso responsable<\/p>\n","protected":false},"author":6,"featured_media":182542,"comment_status":"closed","ping_status":"closed","sticky":false,"template":"","format":"standard","meta":{"_jetpack_memberships_contains_paid_content":false,"footnotes":""},"categories":[6,1],"tags":[],"class_list":["post-182540","post","type-post","status-publish","format-standard","has-post-thumbnail","hentry","category-nacionales","category-portada"],"jetpack_featured_media_url":"https:\/\/i0.wp.com\/cdnoticias.com\/wp-content\/uploads\/2025\/09\/sarampion.webp?fit=790%2C523&ssl=1","jetpack_sharing_enabled":true,"_links":{"self":[{"href":"https:\/\/cdnoticias.com\/index.php\/wp-json\/wp\/v2\/posts\/182540","targetHints":{"allow":["GET"]}}],"collection":[{"href":"https:\/\/cdnoticias.com\/index.php\/wp-json\/wp\/v2\/posts"}],"about":[{"href":"https:\/\/cdnoticias.com\/index.php\/wp-json\/wp\/v2\/types\/post"}],"author":[{"embeddable":true,"href":"https:\/\/cdnoticias.com\/index.php\/wp-json\/wp\/v2\/users\/6"}],"replies":[{"embeddable":true,"href":"https:\/\/cdnoticias.com\/index.php\/wp-json\/wp\/v2\/comments?post=182540"}],"version-history":[{"count":0,"href":"https:\/\/cdnoticias.com\/index.php\/wp-json\/wp\/v2\/posts\/182540\/revisions"}],"wp:featuredmedia":[{"embeddable":true,"href":"https:\/\/cdnoticias.com\/index.php\/wp-json\/wp\/v2\/media\/182542"}],"wp:attachment":[{"href":"https:\/\/cdnoticias.com\/index.php\/wp-json\/wp\/v2\/media?parent=182540"}],"wp:term":[{"taxonomy":"category","embeddable":true,"href":"https:\/\/cdnoticias.com\/index.php\/wp-json\/wp\/v2\/categories?post=182540"},{"taxonomy":"post_tag","embeddable":true,"href":"https:\/\/cdnoticias.com\/index.php\/wp-json\/wp\/v2\/tags?post=182540"}],"curies":[{"name":"wp","href":"https:\/\/api.w.org\/{rel}","templated":true}]}}