{"id":182525,"date":"2025-09-16T20:17:37","date_gmt":"2025-09-16T23:17:37","guid":{"rendered":"https:\/\/cdnoticias.com\/?p=182525"},"modified":"2025-09-16T20:17:39","modified_gmt":"2025-09-16T23:17:39","slug":"karina-milei-retiro-la-medida-cautelar-que-impedia-reproducir-los-audios","status":"publish","type":"post","link":"https:\/\/cdnoticias.com\/index.php\/2025\/09\/16\/karina-milei-retiro-la-medida-cautelar-que-impedia-reproducir-los-audios\/","title":{"rendered":"Karina Milei retir\u00f3 la medida cautelar que imped\u00eda reproducir los audios"},"content":{"rendered":"\n<p>Present\u00f3 un escrito ante el juez para dar de baja la medida que prohib\u00eda difundirlos y expres\u00f3 que no afectan su intimidad ni la seguridad nacional.<\/p>\n\n\n\n<hr class=\"wp-block-separator aligncenter has-alpha-channel-opacity\"\/>\n\n\n\n<p>La secretaria general de la presidencia<strong>, Karina Milei, present\u00f3 un escrito con el que desisti\u00f3 de sostener la medida cautelar que ella misma hab\u00eda requerido para evitar la publicaci\u00f3n de los audios<\/strong> <strong>donde ella aparec\u00eda hablando, <\/strong>supuestamente, dentro de la Casa Rosada.<\/p>\n\n\n\n<p><\/p>\n\n\n\n<p>La hermana del Presidente de la Naci\u00f3n sostuvo en la presentaci\u00f3n que lo publicado <strong>&#8220;no afecta a su intimidad, ni a la Seguridad Nacional&#8221;. <\/strong>La medida la tom\u00f3 luego\u00a0 de que se produjera una <strong>ola de rechazos provenientes de entidades period\u00edsticas, abogados y otros sectores que consideraron la restricci\u00f3n como un acto de censura previa.<\/strong><\/p>\n\n\n\n<p><\/p>\n\n\n\n<blockquote class=\"wp-block-quote is-layout-flow wp-block-quote-is-layout-flow\">\n<p>En el escrito, la funcionaria afirm\u00f3 que los audios divulgados no comprometen la seguridad nacional ni la intimidad de su familia, y record\u00f3 que ya existe una causa penal en curso sobre el asunto. No obstante, sostuvo que las grabaciones fueron obtenidas de manera ilegal y \u201capuntan a la desinformaci\u00f3n\u201d y a una \u201ccampa\u00f1a malintencionada hacia la opini\u00f3n p\u00fablica&#8221;.<\/p>\n<\/blockquote>\n\n\n\n<p><\/p>\n\n\n\n<p>Por \u00faltimo, explic\u00f3 que &#8220;<em>jam\u00e1s la libertad de prensa puede alentar, promocionar y difundir la comisi\u00f3n de delitos como base para la obtenci\u00f3n de informaci\u00f3n. Eso no es libertad de prensa, es un atentado contra la democracia y sus valores m\u00e1s b\u00e1sicos\u201d.<\/em><\/p>\n\n\n\n<p><\/p>\n\n\n\n<p><strong>La defensa del Gobierno nacional<\/strong><\/p>\n\n\n\n<p>El Gobierno nacional denunci\u00f3 ante la Justicia Federal la <strong>existencia de una operaci\u00f3n de inteligencia destinada a grabar conversaciones privadas de Karina Milei y otros funcionarios<\/strong>, con la intenci\u00f3n de &#8220;<strong>desestabilizar al pa\u00eds en plena campa\u00f1a electoral&#8221;. <\/strong><\/p>\n\n\n\n<p><\/p>\n\n\n\n<p>Luego de que el Gobierno lograra un <strong>&#8220;bozal&#8221; legal contra la difusi\u00f3n de los audios por presuntas coimas <\/strong>que involucran a la secretaria de Presidencia, el hecho gener\u00f3 <strong>gran repercusi\u00f3n mundial<\/strong> en los principales medios del mundo.<\/p>\n\n\n\n<p><\/p>\n\n\n\n<p>La medida se dio luego de que la gesti\u00f3n de Javier Milei apelara a la Justicia, ante el avance del caso de los audios del ex titular de la Agencia Nacional de Discapacidad (ANDIS), <strong>Diego Spagnuolo <\/strong>que alcanzan a la c\u00fapula del Ejecutivo.\u00a0<\/p>\n\n\n\n<p><\/p>\n\n\n\n<p><em>Fuente: DIB<\/em><\/p>\n","protected":false},"excerpt":{"rendered":"<p>Present\u00f3 un escrito ante el juez para dar de baja la medida que prohib\u00eda difundirlos y expres\u00f3 que no afectan<\/p>\n","protected":false},"author":6,"featured_media":180454,"comment_status":"closed","ping_status":"closed","sticky":false,"template":"","format":"standard","meta":{"_jetpack_memberships_contains_paid_content":false,"footnotes":""},"categories":[6,1],"tags":[],"class_list":["post-182525","post","type-post","status-publish","format-standard","has-post-thumbnail","hentry","category-nacionales","category-portada"],"jetpack_featured_media_url":"https:\/\/i0.wp.com\/cdnoticias.com\/wp-content\/uploads\/2025\/08\/karina-milei.jpg?fit=800%2C445&ssl=1","jetpack_sharing_enabled":true,"_links":{"self":[{"href":"https:\/\/cdnoticias.com\/index.php\/wp-json\/wp\/v2\/posts\/182525","targetHints":{"allow":["GET"]}}],"collection":[{"href":"https:\/\/cdnoticias.com\/index.php\/wp-json\/wp\/v2\/posts"}],"about":[{"href":"https:\/\/cdnoticias.com\/index.php\/wp-json\/wp\/v2\/types\/post"}],"author":[{"embeddable":true,"href":"https:\/\/cdnoticias.com\/index.php\/wp-json\/wp\/v2\/users\/6"}],"replies":[{"embeddable":true,"href":"https:\/\/cdnoticias.com\/index.php\/wp-json\/wp\/v2\/comments?post=182525"}],"version-history":[{"count":0,"href":"https:\/\/cdnoticias.com\/index.php\/wp-json\/wp\/v2\/posts\/182525\/revisions"}],"wp:featuredmedia":[{"embeddable":true,"href":"https:\/\/cdnoticias.com\/index.php\/wp-json\/wp\/v2\/media\/180454"}],"wp:attachment":[{"href":"https:\/\/cdnoticias.com\/index.php\/wp-json\/wp\/v2\/media?parent=182525"}],"wp:term":[{"taxonomy":"category","embeddable":true,"href":"https:\/\/cdnoticias.com\/index.php\/wp-json\/wp\/v2\/categories?post=182525"},{"taxonomy":"post_tag","embeddable":true,"href":"https:\/\/cdnoticias.com\/index.php\/wp-json\/wp\/v2\/tags?post=182525"}],"curies":[{"name":"wp","href":"https:\/\/api.w.org\/{rel}","templated":true}]}}