{"id":182499,"date":"2025-09-16T16:30:22","date_gmt":"2025-09-16T19:30:22","guid":{"rendered":"https:\/\/cdnoticias.com\/?p=182499"},"modified":"2025-09-16T16:30:30","modified_gmt":"2025-09-16T19:30:30","slug":"melina-vazquez-y-carolina-spataro-presentaron-sin-padre-sin-marido-y-sin-estado","status":"publish","type":"post","link":"https:\/\/cdnoticias.com\/index.php\/2025\/09\/16\/melina-vazquez-y-carolina-spataro-presentaron-sin-padre-sin-marido-y-sin-estado\/","title":{"rendered":"Melina V\u00e1zquez y Carolina Spataro presentaron \u201cSin padre, sin marido y sin Estado\u201d"},"content":{"rendered":"\n<p>Un interesante marco de p\u00fablico particip\u00f3 de la actividad en el Centro Cultural Universitario, en el que las autoras del libro analizaron c\u00f3mo son los feminismos de derecha.<\/p>\n\n\n\n<hr class=\"wp-block-separator aligncenter has-alpha-channel-opacity\"\/>\n\n\n\n<p><strong><em>\u201cSin padre, sin marido y sin Estado. Feministas de las nuevas derechas\u201d, <\/em><\/strong>es el nombre del libro que d\u00edas atr\u00e1s presentaron en el<strong> Centro Cultural Universitario<\/strong> de Olavarr\u00eda sus autoras, las Doctoras <strong>Melina V\u00e1zquez y Carolina Spataro<\/strong> (UBA), en el marco de una propuesta organizada por la<strong> Facultad de Ciencias Sociales.<\/strong><\/p>\n\n\n\n<p><\/p>\n\n\n\n<p>La obra, publicada este a\u00f1o por Editorial Siglo XXI, invita a analizar y conocer <strong>si existen mujeres feministas de corrientes pol\u00edticas de derecha. <\/strong>Para eso, las autoras participaron de<strong> distintos encuentros con mujeres<\/strong> vinculadas a las nuevas derechas, a quienes conocieron en un acto del 8M.<\/p>\n\n\n\n<p><\/p>\n\n\n\n<p>En la presentaci\u00f3n, las autoras estuvieron acompa\u00f1adas por la Doctora Constanza Caffarelli, Secretaria de Investigaci\u00f3n y Postgrado de la FACSO. Participaron adem\u00e1s el decano de FACSO, Doctor Gustavo Flensborg, el vicedecano Nicol\u00e1s Casado, la secretaria de Extensi\u00f3n Profesora Natalia Mengochea y la secretaria Acad\u00e9mica Magister Suyai Compagnon; junto a estudiantes, docentes, investigadoras y p\u00fablico en general.<\/p>\n\n\n\n<p><\/p>\n\n\n\n<p>De manera inicial, las autoras reflexionaron que esta obra <strong>\u201ces gracias a la universidad p\u00fablica. Desde este lugar seguimos trabajando para defender a la Universidad P\u00fablica Argentina\u201d.<\/strong><\/p>\n\n\n\n<p><\/p>\n\n\n\n<figure class=\"wp-block-image aligncenter size-full\"><img data-recalc-dims=\"1\" loading=\"lazy\" decoding=\"async\" width=\"800\" height=\"511\" src=\"https:\/\/i0.wp.com\/cdnoticias.com\/wp-content\/uploads\/2025\/09\/libros-sinpadresinmaridoysin-estado2.png?resize=800%2C511&#038;ssl=1\" alt=\"\" class=\"wp-image-182502\" srcset=\"https:\/\/i0.wp.com\/cdnoticias.com\/wp-content\/uploads\/2025\/09\/libros-sinpadresinmaridoysin-estado2.png?w=900&amp;ssl=1 900w, https:\/\/i0.wp.com\/cdnoticias.com\/wp-content\/uploads\/2025\/09\/libros-sinpadresinmaridoysin-estado2.png?resize=300%2C192&amp;ssl=1 300w, https:\/\/i0.wp.com\/cdnoticias.com\/wp-content\/uploads\/2025\/09\/libros-sinpadresinmaridoysin-estado2.png?resize=768%2C491&amp;ssl=1 768w\" sizes=\"auto, (max-width: 800px) 100vw, 800px\" \/><\/figure>\n\n\n\n<p><\/p>\n\n\n\n<p><em>\u201cEl libro invita a pensar si existen las mujeres feministas de derecha, qu\u00e9 diferencias tienen con otros feminismos y cu\u00e1l es el v\u00ednculo con las dirigencias y la militancia de la nueva derecha\u201d,<\/em> indic\u00f3 V\u00e1zquez.<\/p>\n\n\n\n<p><\/p>\n\n\n\n<p>La investigadora del CONICET (IIGG\/UBA) describi\u00f3 c\u00f3mo fueron sus primeras investigaciones que derivaron en el estudio del feminismo de derecha. \u201c<strong>Empezamos a estudiar qui\u00e9nes eran las mujeres que estaban en espacios de derecha, y no esper\u00e1bamos encontrar al feminismo en estos espacios<\/strong>\u201d, agreg\u00f3 V\u00e1zquez.<\/p>\n\n\n\n<p><\/p>\n\n\n\n<p>En el marco de un acto del 8M, se acercaron a un encuentro de mujeres en las que debat\u00edan sobre \u201c<strong>feminismo liberal\u201d<\/strong>, un concepto que hasta ese momento las investigadoras no ten\u00edan presente. <em>\u201cEsto puso en cuesti\u00f3n y crisis muchas de las afirmaciones de por qu\u00e9 las mujeres no pueden estar en la extrema derecha\u201d, <\/em>reflexionaron.<\/p>\n\n\n\n<p><\/p>\n\n\n\n<figure class=\"wp-block-image aligncenter size-full\"><img data-recalc-dims=\"1\" loading=\"lazy\" decoding=\"async\" width=\"800\" height=\"507\" src=\"https:\/\/i0.wp.com\/cdnoticias.com\/wp-content\/uploads\/2025\/09\/libros-sinpadresinmaridoysin-estado3.png?resize=800%2C507&#038;ssl=1\" alt=\"\" class=\"wp-image-182501\" srcset=\"https:\/\/i0.wp.com\/cdnoticias.com\/wp-content\/uploads\/2025\/09\/libros-sinpadresinmaridoysin-estado3.png?w=900&amp;ssl=1 900w, https:\/\/i0.wp.com\/cdnoticias.com\/wp-content\/uploads\/2025\/09\/libros-sinpadresinmaridoysin-estado3.png?resize=300%2C190&amp;ssl=1 300w, https:\/\/i0.wp.com\/cdnoticias.com\/wp-content\/uploads\/2025\/09\/libros-sinpadresinmaridoysin-estado3.png?resize=768%2C486&amp;ssl=1 768w\" sizes=\"auto, (max-width: 800px) 100vw, 800px\" \/><\/figure>\n\n\n\n<p><\/p>\n\n\n\n<p>En el marco de las investigaciones, se encontraron con <strong>mujeres de distintas generaciones: <\/strong>de 60 a\u00f1os provenientes de la \u00e9lite, de 30-35 a\u00f1os marcado por el Ni Una Menos, el Me Too y las luchas por el aborto legal y hasta j\u00f3venes de 20 interpeladas por la sensibilidad libertaria y cr\u00edtica al Estado que emergi\u00f3 con fuerza en la pandemia.<\/p>\n\n\n\n<p><\/p>\n\n\n\n<p>La Doctora Spataro (IIGG\/UBA) reflexion\u00f3 que, en el encuentro con distintas mujeres, pudieron identificar el debate interno sobre \u201c<strong><em>c\u00f3mo las mujeres deben y pueden participar en pol\u00edtica, m\u00e1s a\u00fan en un espacio que se presenta como ant\u00edgenero o antifeminista<\/em><\/strong>\u201d. Incluso indic\u00f3 que en muchos casos las mujeres libertarias cuestionan a las mujeres que est\u00e1n en cargos o puestos pol\u00edticos.<\/p>\n\n\n\n<p><\/p>\n\n\n\n<p>Al cierre, las autoras expusieron que \u201c<em>Sin padre, sin marido y sin Estado\u201d,<\/em> es una obra que \u201cinvita a pensar y sumar una capa a la comprensi\u00f3n de un fen\u00f3meno que nos tom\u00f3 por sorpresa como la nueva derecha. Entender esa derecha es algo que <strong>necesitamos hacer en t\u00e9rminos acad\u00e9micos y pol\u00edticos<\/strong> y entender a esas mujeres es entender<strong> qu\u00e9 relaci\u00f3n tienen con otros feminismos\u201d.<\/strong><\/p>\n\n\n\n<p><\/p>\n","protected":false},"excerpt":{"rendered":"<p>Un interesante marco de p\u00fablico particip\u00f3 de la actividad en el Centro Cultural Universitario, en el que las autoras del<\/p>\n","protected":false},"author":6,"featured_media":182503,"comment_status":"closed","ping_status":"closed","sticky":false,"template":"","format":"standard","meta":{"_jetpack_memberships_contains_paid_content":false,"footnotes":""},"categories":[3,1],"tags":[],"class_list":["post-182499","post","type-post","status-publish","format-standard","has-post-thumbnail","hentry","category-genero","category-portada"],"jetpack_featured_media_url":"https:\/\/i0.wp.com\/cdnoticias.com\/wp-content\/uploads\/2025\/09\/libros-sinpadresinmaridoysin-estado1.png?fit=900%2C623&ssl=1","jetpack_sharing_enabled":true,"_links":{"self":[{"href":"https:\/\/cdnoticias.com\/index.php\/wp-json\/wp\/v2\/posts\/182499","targetHints":{"allow":["GET"]}}],"collection":[{"href":"https:\/\/cdnoticias.com\/index.php\/wp-json\/wp\/v2\/posts"}],"about":[{"href":"https:\/\/cdnoticias.com\/index.php\/wp-json\/wp\/v2\/types\/post"}],"author":[{"embeddable":true,"href":"https:\/\/cdnoticias.com\/index.php\/wp-json\/wp\/v2\/users\/6"}],"replies":[{"embeddable":true,"href":"https:\/\/cdnoticias.com\/index.php\/wp-json\/wp\/v2\/comments?post=182499"}],"version-history":[{"count":0,"href":"https:\/\/cdnoticias.com\/index.php\/wp-json\/wp\/v2\/posts\/182499\/revisions"}],"wp:featuredmedia":[{"embeddable":true,"href":"https:\/\/cdnoticias.com\/index.php\/wp-json\/wp\/v2\/media\/182503"}],"wp:attachment":[{"href":"https:\/\/cdnoticias.com\/index.php\/wp-json\/wp\/v2\/media?parent=182499"}],"wp:term":[{"taxonomy":"category","embeddable":true,"href":"https:\/\/cdnoticias.com\/index.php\/wp-json\/wp\/v2\/categories?post=182499"},{"taxonomy":"post_tag","embeddable":true,"href":"https:\/\/cdnoticias.com\/index.php\/wp-json\/wp\/v2\/tags?post=182499"}],"curies":[{"name":"wp","href":"https:\/\/api.w.org\/{rel}","templated":true}]}}